{"id":1229,"date":"2024-09-21T14:19:43","date_gmt":"2024-09-21T14:19:43","guid":{"rendered":"https:\/\/dvpb-bayern2024sicherung.webdesign-schwaben.de\/?p=1229"},"modified":"2025-04-22T08:43:17","modified_gmt":"2025-04-22T08:43:17","slug":"mitgliederversammlung-des-landesverbandes-bayern-der-dvpb-am-21-september-2024-in-der-akademie-fuer-politische-bildung-tutzing","status":"publish","type":"post","link":"https:\/\/www.dvpb-bayern.de\/index.php\/2024\/09\/21\/mitgliederversammlung-des-landesverbandes-bayern-der-dvpb-am-21-september-2024-in-der-akademie-fuer-politische-bildung-tutzing\/","title":{"rendered":"Mitgliederversammlung des Landesverbandes Bayern der DVPB am 21.September 2024 in der Akademie f\u00fcr politische Bildung Tutzing"},"content":{"rendered":"<p>[et_pb_section fb_built=&#8220;1&#8243; admin_label=&#8220;section&#8220; _builder_version=&#8220;4.16&#8243; custom_padding=&#8220;10px||8px|||&#8220; global_colors_info=&#8220;{}&#8220;][et_pb_row column_structure=&#8220;2_5,3_5&#8243; admin_label=&#8220;row&#8220; _builder_version=&#8220;4.27.4&#8243; background_size=&#8220;initial&#8220; background_position=&#8220;top_left&#8220; background_repeat=&#8220;repeat&#8220; custom_padding=&#8220;||9px|||&#8220; global_colors_info=&#8220;{}&#8220;][et_pb_column type=&#8220;2_5&#8243; _builder_version=&#8220;4.16&#8243; custom_padding=&#8220;|||&#8220; global_colors_info=&#8220;{}&#8220; custom_padding__hover=&#8220;|||&#8220;][et_pb_image src=&#8220;https:\/\/www.dvpb-bayern.de\/wp-content\/uploads\/2025\/03\/Akademie-Politische-Bildung-Tutzing-1.png&#8220; title_text=&#8220;Akademie-Politische-Bildung-Tutzing&#8220; _builder_version=&#8220;4.27.4&#8243; _module_preset=&#8220;default&#8220; global_colors_info=&#8220;{}&#8220;][\/et_pb_image][et_pb_image src=&#8220;https:\/\/www.dvpb-bayern.de\/wp-content\/uploads\/2025\/04\/Akademiepark-3a.jpg&#8220; title_text=&#8220;Akademiepark (3a)&#8220; _builder_version=&#8220;4.27.4&#8243; _module_preset=&#8220;default&#8220; global_colors_info=&#8220;{}&#8220;][\/et_pb_image][et_pb_image src=&#8220;https:\/\/www.dvpb-bayern.de\/wp-content\/uploads\/2025\/04\/Becker-Siegmund-Reheis-Rappenglueck.jpg&#8220; title_text=&#8220;Becker-Siegmund-Reheis-Rappenglu\u0308ck&#8220; _builder_version=&#8220;4.27.4&#8243; _module_preset=&#8220;default&#8220; global_colors_info=&#8220;{}&#8220;][\/et_pb_image][et_pb_image src=&#8220;https:\/\/www.dvpb-bayern.de\/wp-content\/uploads\/2025\/04\/Rappenglueck-Brokmeier.jpg&#8220; title_text=&#8220;Rappenglu\u0308ck-Brokmeier&#8220; _builder_version=&#8220;4.27.4&#8243; _module_preset=&#8220;default&#8220; global_colors_info=&#8220;{}&#8220;][\/et_pb_image][et_pb_text _builder_version=&#8220;4.27.4&#8243; _module_preset=&#8220;default&#8220; global_colors_info=&#8220;{}&#8220;]<\/p>\n<p>Fotos: <span>APB Tutzing<\/span><\/p>\n<p>[\/et_pb_text][\/et_pb_column][et_pb_column type=&#8220;3_5&#8243; _builder_version=&#8220;4.16&#8243; custom_padding=&#8220;|||&#8220; global_colors_info=&#8220;{}&#8220; custom_padding__hover=&#8220;|||&#8220;][et_pb_text admin_label=&#8220;Text&#8220; _builder_version=&#8220;4.27.4&#8243; background_size=&#8220;initial&#8220; background_position=&#8220;top_left&#8220; background_repeat=&#8220;repeat&#8220; global_colors_info=&#8220;{}&#8220;]<\/p>\n<p>An der Mitgliederversammlung in der Akademie f\u00fcr politische Bildung im Rahmen der Jahrestagung 2024 nahmen ca. 35 Mitglieder teil. \u00a0<\/p>\n<p>Im Rahmen des Rechenschaftsberichtes erfolgte ein R\u00fcckblick auf die Projekte des Verbandes.<\/p>\n<p>Der Vorsitzende dankt zun\u00e4chst der Akademie f\u00fcr Politische Bildung und der Europ\u00e4ischen Akademie Bayern f\u00fcr die konstruktive Zusammenarbeit bei der Planung und Durchf\u00fchrung der Jahrestagung 2024.<\/p>\n<p>[\/et_pb_text][et_pb_text _builder_version=&#8220;4.27.4&#8243; _module_preset=&#8220;default&#8220; global_colors_info=&#8220;{}&#8220;]<\/p>\n<p>Die Verleihung des Abiturpreises war erneut H\u00f6hepunkt der Aktivit\u00e4ten. Der Abiturpreis konnte das f\u00fcnfte Mal in Folge verliehen werden und stellt mittlerweile das Aush\u00e4ngeschild des Verbands dar. Herr W\u00f6lfl schildert hierzu das aktuelle Verfahren von der Einreichung der W-Seminararbeiten \u00fcber die Korrekturarbeit der Jury bis hin zur Preisverleihung. N\u00e4here Informationen zu den Preistr\u00e4gerinnen und Preistr\u00e4gern 2024 sowie den Arbeiten als solches (Themen, Begr\u00fcndung der Jury) k\u00f6nnen auf der Homepage oder im aktuellen Forum Politikunterricht nachgelesen werden. Als Ausblick auf 2025 wird die ver\u00e4nderte Situation, die sich aus der Umstellung des G8 auf das G9 ergibt, thematisiert. Trotz reduzierter Anzahl an Arbeiten, die sich aus dem Wegfall des Abiturpr\u00fcfungsjahrgangs ergeben, m\u00f6chte der Verband die Tradition fortsetzen und den Preis -angepasst an die besondere Situation des Pr\u00fcfungsjahrgangs &#8211; verleihen. Der Vorsitzende dankt Herrn W\u00f6lfl f\u00fcr die Leitung dieses wertvollen Projekts, Uta Lechner f\u00fcr die \u00e4u\u00dferst intensive Pressearbeit sowie der Jury f\u00fcr die kooperative Korrekturarbeit. Ein besonderer Dank ergeht an die Heinz-und-Sybille-Laufer-Stiftung f\u00fcr Politische Wissenschaft, die den Abiturpreis erneut finanziell unterst\u00fctzt hat.<\/p>\n<p>[\/et_pb_text][et_pb_text _builder_version=&#8220;4.27.4&#8243; _module_preset=&#8220;default&#8220; global_colors_info=&#8220;{}&#8220;]<\/p>\n<p>Peter Herdegen berichtet \u00fcber den aktuellen Stand der Herausgabe von \u201eForum Politikunterricht\u201c. Verst\u00e4rkung bekam die Redaktion mit Uta Lechner und Sabine Kehr.\u00a0 Der Ver\u00f6ffentlichungsmodus, eine Print-Ausgabe, eine online-Ausgabe, soll beibehalten werden. Redaktionsschluss f\u00fcr die kommende Ausgabe ist der 31. Oktober 2024.<\/p>\n<p>[\/et_pb_text][et_pb_text _builder_version=&#8220;4.27.4&#8243; _module_preset=&#8220;default&#8220; global_colors_info=&#8220;{}&#8220;]<\/p>\n<p>Der Vorsitzende thematisiert die aktuelle Lage bez\u00fcglich der Betreuung der Homepage. Sebastian Haas, der die Modernisierung der Homepage ma\u00dfgeblich mitverantwortete, steht aus beruflichen Gr\u00fcnden nicht mehr zur Verf\u00fcgung f\u00fcr diese so wichtige Aufgabe. Nach einer L\u00f6sung wird aktiv gesucht.<\/p>\n<p>Es folgen weitere Punkte der Verbandsaktivit\u00e4ten, die kurz vorgestellt werden: Unterst\u00fctzung von \u201evote16\u201c, stabile Mitgliederzahlen und personelle Besetzung des Vorstands, die Einf\u00fchrung der \u201eVerfassungsviertelstunde\u201c zum Schuljahr 2024\/25, Termin im Staatsministerium f\u00fcr Unterricht und Kultus.<\/p>\n<p>Armin Seemann erl\u00e4utert die finanzielle Situation des Verbands mit Hilfe einer detaillierten \u00dcbersicht. Dabei geht er sehr ausf\u00fchrlich auf die Ausgaben und Einnahmen des Verbands ein.<\/p>\n<p>Der schriftliche Kassenbericht und das Kassenbuch des Verbands wurden von dem gew\u00e4hlten Kassenpr\u00fcfer Martin Warmuth sowie von Karina Kopicer und Knut Thiesen als Vertreter des gew\u00e4hlten Kassenpr\u00fcfers Jens Beck am 21. September 2024 in Anwesenheit des Schatzmeisters durchgef\u00fchrt. Die Kassenpr\u00fcfer stellen nach Einsicht in die Unterlagen eine ordnungsgem\u00e4\u00dfe Kassenf\u00fchrung fest. Es gibt keinerlei Beanstandungen.\u00a0 Der Schatzmeister wird entlastet.<\/p>\n<p>[\/et_pb_text][\/et_pb_column][\/et_pb_row][et_pb_row _builder_version=&#8220;4.27.4&#8243; _module_preset=&#8220;default&#8220; custom_padding=&#8220;||5px|||&#8220;][et_pb_column _builder_version=&#8220;4.27.4&#8243; _module_preset=&#8220;default&#8220; type=&#8220;4_4&#8243;][et_pb_divider _builder_version=&#8220;4.27.4&#8243; _module_preset=&#8220;default&#8220; hover_enabled=&#8220;0&#8243; sticky_enabled=&#8220;0&#8243;][\/et_pb_divider][\/et_pb_column][\/et_pb_row][et_pb_row column_structure=&#8220;1_2,1_2&#8243; _builder_version=&#8220;4.27.4&#8243; _module_preset=&#8220;default&#8220; custom_padding=&#8220;55px|||||&#8220; global_colors_info=&#8220;{}&#8220;][et_pb_column type=&#8220;1_2&#8243; _builder_version=&#8220;4.27.4&#8243; _module_preset=&#8220;default&#8220; global_colors_info=&#8220;{}&#8220;][et_pb_text _builder_version=&#8220;4.27.4&#8243; _module_preset=&#8220;default&#8220; global_colors_info=&#8220;{}&#8220;]<\/p>\n<p><strong>Turnusm\u00e4\u00dfige Neuwahl des Vorstandes<\/strong><\/p>\n<p>Nach der Entlastung des Vorstandes erfolgte unter der bew\u00e4hrten Regie des Ehrenvorsitzenden Prof. Peter Hampe die Neuwahl des gesamten Vorstandes.<\/p>\n<p>Zum Vorsitzenden des Landesverbandes wurde wieder Prof. Stefan Rappengl\u00fcck, zu seinem ersten stv. Vorsitzenden Bernhard Hof und zum Kassier Armin Seemann gew\u00e4hlt.<\/p>\n<p>Neu im engen Vorstand ist als zweite stv. Vorsitzende Uta Lechner und als Schriftf\u00fchrerin Sonja Zimmermann.<\/p>\n<p>&nbsp;<\/p>\n<p>Ferner wurden 13 KollegInnen aus der Schule, der au\u00dferschulischen politischen Bildung und der Hochschullehre in den erweiterten Vorstand\u00a0 des Landesverbandes gew\u00e4hlt.<\/p>\n<p>&nbsp;<\/p>\n<p>Ebenfalls wurden die beiden Kassenpr\u00fcfer Jens Beck und Martin Warmuth wiedergew\u00e4hlt.<\/p>\n<p>[\/et_pb_text][\/et_pb_column][et_pb_column type=&#8220;1_2&#8243; _builder_version=&#8220;4.27.4&#8243; _module_preset=&#8220;default&#8220; global_colors_info=&#8220;{}&#8220;][et_pb_text _builder_version=&#8220;4.27.4&#8243; _module_preset=&#8220;default&#8220; global_colors_info=&#8220;{}&#8220;]<\/p>\n<p><strong>Zuk\u00fcnftige Projekte und Erh\u00f6hung des Mitgliedsbeitrages <\/strong><\/p>\n<p>Es wird angestrebt, die Homepage in Zukunft lebendiger und aktueller zu gestalten. 2025 kann die Jahrestagung nicht in der Akademie f\u00fcr politische Bildung in Tutzing stattfinden. Die Jahrestagung 2025 wird daf\u00fcr im Caritas-Pirckheimer-Haus in N\u00fcrnberg stattfinden.<\/p>\n<p>Der Vorsitzende stellt den Antrag auf Erh\u00f6hung des Mitgliedsbeitrags zur Diskussion\u00a0 Als Hauptargument f\u00fchrt er einen gr\u00f6\u00dferen finanziellen Spielraum f\u00fcr anstehende Projekte (v.a. f\u00fcr weitere Preise im Rahmen der Abiturpreisverleihung) an. Die letzte Erh\u00f6hung fand 2013 statt.<\/p>\n<p>Nach kurzer Diskussion im Plenum wird mehrheitlich eine Erh\u00f6hung auf 70\u20ac festgelegt. Der Mitgliedsbeitrag f\u00fcr Studierende und Studienreferendare wird auf 35\u20ac erh\u00f6ht.<\/p>\n<p>&nbsp;<\/p>\n<p>[\/et_pb_text][\/et_pb_column][\/et_pb_row][\/et_pb_section]<\/p>\n","protected":false},"excerpt":{"rendered":"<p>An der Mitgliederversammlung in der Akademie f\u00fcr politische Bildung im Rahmen der Jahrestagung 2024 nahmen ca. 35 Mitglieder teil. <\/p>\n","protected":false},"author":1,"featured_media":1435,"comment_status":"closed","ping_status":"closed","sticky":false,"template":"","format":"standard","meta":{"_et_pb_use_builder":"on","_et_pb_old_content":"<p>[et_pb_section fb_built=\"1\" admin_label=\"section\" _builder_version=\"4.16\" global_colors_info=\"{}\"][et_pb_row admin_label=\"row\" _builder_version=\"4.16\" background_size=\"initial\" background_position=\"top_left\" background_repeat=\"repeat\" global_colors_info=\"{}\"][et_pb_column type=\"4_4\" _builder_version=\"4.16\" custom_padding=\"|||\" global_colors_info=\"{}\" custom_padding__hover=\"|||\"][et_pb_text admin_label=\"Text\" _builder_version=\"4.16\" background_size=\"initial\" background_position=\"top_left\" background_repeat=\"repeat\" global_colors_info=\"{}\"]<a href=\"https:\/\/www.muenchen.tv\/mediathek\/video\/abiturpreis-politik-und-gesellschaft-kultusministerin-verleiht-auszeichnungen\/\" target=\"_blank\" rel=\"noopener\">Zum Anschauen: Abiturpreis \u201ePolitik und Gesellschaft\u201c \u2013 Kultusministerin verleiht Auszeichnungen | m\u00fcnchen.tv<\/a><\/p><p>Bereits zum f\u00fcnften Mal wurde am 1. Juli 2024 der Abiturpreis \u201ePolitik und Gesellschaft\u201c des Landesverbands Bayern der Deutschen Vereinigung f\u00fcr Politische Bildung e. V. im Bayerischen Landtag verliehen. Kultusministerin Anna Stolz zeichnete im Beisein von Prof. Dr. Ursula M\u00fcnch, Direktorin der Akademie f\u00fcr Politische Bildung in Tutzing, vier Abiturientinnen und Abiturienten aus, die sich in herausragender Weise in ihren Seminararbeiten mit aktuellen Themen aus den Bereichen Politik und Gesellschaft auseinandergesetzt haben. Auch Landtagspr\u00e4sidentin Ilse Aigner hatte den Termin fest eingeplant, musste sich kurzfristig aber krankheitsbedingt von Landtagsdirektor Peter Worm vertreten lassen.<\/p><p>[gallery size=\"large\" ids=\"868,870,869,867,871\"]<\/p><p>Zu Beginn der Veranstaltung im Lesesaal des Maximilianeums richtete sich Kultusministerin Anna Stolz beeindruckt an die Preistr\u00e4gerinnen und Preistr\u00e4ger: \u201eWettbewerbe wie der Abiturpreis \u201aPolitik und Gesellschaft\u2018 sind eine wunderbare M\u00f6glichkeit, junge Menschen f\u00fcr politische Fragestellungen zu begeistern. Sie alle haben hervorragende Seminararbeiten geschrieben und sich intensiv mit politischen Kulturen besch\u00e4ftigt. Die Bandbreite der Themen ging von Feminismus \u00fcber Verschw\u00f6rungstheorien bis hin zu internationaler Machtpolitik. Unsere Demokratie braucht aufgeweckte junge Menschen wie Sie! Bitte bleiben Sie auch weiterhin so politikbegeistert! Ein besonderer Dank geht auch an Ihre Lehrkr\u00e4fte, die Sie bei diesen H\u00f6chstleistungen begleitet haben\u201c.<\/p><p>Landtagspr\u00e4sidentin Ilse Aigner sagte bereits vorab: \u201eDer Abiturpreis \u201aPolitik und Gesellschaft\u2018 nimmt die Demokratie in den Blick \u2013 mit all ihren Facetten, national und international. 83 Arbeiten zu komplexen politischen Themen sind eingereicht worden, beispielsweise zum Taiwan-Konflikt, zu Verschw\u00f6rungsmythen, zu modernen Formen der Sklaverei und gesellschaftlichen Rollenbildern. Sie wurden aus ganz unterschiedlicher F\u00e4cherperspektive beleuchtet: Das war nicht etwa Hemmnis, das war Motivation. Mich stimmt das sehr zuversichtlich, denn damit wird klar: Viele in unserer jungen Generation haben den Ernst der Lage erkannt und sie haben erkannt, dass es sich lohnt, genauer hinzuschauen. Demokratie ist dabei das Gegenmodell zu Unrecht, Gewalt, Angst und Fremdbestimmtheit. Niemand liebt die Freiheit so sehr wie die jungen Menschen und deshalb setze ich voll auf Euch: Seien Sie aktive, selbstbewusste und verantwortliche B\u00fcrgerinnen und B\u00fcrger. Mit Ihrer Haltung und Ihren Gedanken zu brennenden Fragen der Zeit haben Sie die Jury \u00fcberzeugt. Ich gratuliere Ihnen zu Ihrem au\u00dferordentlichen Erfolg beim Abiturpreis \u201aPolitik und Gesellschaft\u2018 2024\u201c.<\/p><p>Im Namen des Landesverbands Bayern der Deutschen Vereinigung f\u00fcr Politische Bildung bedankte sich ihr Vorsitzender, Prof. Dr. Stefan Rappengl\u00fcck, f\u00fcr die Gru\u00dfworte sowie bei Landtagspr\u00e4sidentin Ilse Aigner f\u00fcr die erneute \u00dcbernahme der Schirmherrschaft und die Durchf\u00fchrung der Preisverleihung im Bayerischen Landtag. Zudem dankte er der Heinz- und Sybille-Laufer-Stiftung f\u00fcr politische Wissenschaft f\u00fcr die Finanzierung der Preisgelder, der Akademie f\u00fcr Politische Bildung Tutzing, die Gutscheine f\u00fcr die Preistr\u00e4ger zur Verf\u00fcgung stellt, und den Mitgliedern der Jury f\u00fcr ihre ehrenamtliche Arbeit. Die Politische Bildung an Schulen steht und f\u00e4llt mit dem Engagement der Lehrerinnen und Lehrer. Daher richtet sich der Dank des Landesverbands Bayern auch sehr herzlich an die Kursleiterinnen und Kursleiter f\u00fcr ihre Arbeit bei der Betreuung der Arbeiten. Viele R\u00fcckmeldungen von Schulen zeigen, dass der Abiturpreis \u201aPolitik und Gesellschaft\u2018 sehr gut ankommt und gesch\u00e4tzt wird.<\/p><p>In seiner anschlie\u00dfenden Laudatio berichtete Prof. Dr. Rappengl\u00fcck erfreut, dass seit dem Start des Preises vor f\u00fcnf Jahren insgesamt rund 650 Seminararbeiten aus ganz Bayern durch die Jury begutachtet wurden. Dieses Jahr reichten 83 Sch\u00fclerinnen und Sch\u00fcler ihre Arbeiten ein. Eine achtzehnk\u00f6pfige Jury des Landesverbands Bayern der DVPB, bestehend aus Lehrkr\u00e4ften und im Hochschulbereich t\u00e4tigen Personen, w\u00e4hlte aus den eingereichten Arbeiten vier herausragende aus. Bewertet wurden insbesondere die Problemorientierung, der aktuelle Bezug, eine multiperspektivische Vorgehensweise, ein eigenst\u00e4ndiges, kritisches politisches Urteil, ein erkennbarer Anteil an Eigenaktivit\u00e4t im Verh\u00e4ltnis zur Quellenarbeit, die Anwendung von sachgerechten Recherchemethoden sowie die \u00fcberzeugende Formulierung eines plausiblen Ergebnisses. Neben den ersten drei Preisen wurde in diesem Jahr auch wieder ein Sonderpreis vergeben. Der erste Preis wurde mit 300 Euro pr\u00e4miert, der zweite Preis mit 200 Euro, der dritte Preis und der Sonderpreis jeweils mit 100 Euro; zudem gab es f\u00fcr jeden einen Gutschein f\u00fcr die Teilnahme an Angeboten der Politischen Akademie Tutzing. Nachdem im Jahr 2023 zuf\u00e4llig alle Preistr\u00e4ger m\u00e4nnlich waren, ist das Geschlechterverh\u00e4ltnis heuer ausgeglichen.<\/p><p>Vor der \u00dcbergabe der Urkunden und Preise durch Kultusministerin Anna Stolz und Prof. Dr. Ursula M\u00fcnch w\u00fcrdigte Prof. Dr. Rappengl\u00fcck die Seminararbeiten der vier Preistr\u00e4gerinnen und Preistr\u00e4ger im Einzelnen (<a href=\"https:\/\/www.dvpb-bayern.de\/wp-content\/uploads\/2024\/07\/Abiturpreis_2024_Wuerdigungen.pdf\" target=\"_blank\" rel=\"noopener\">hier nachzulesen<\/a>). Die Preistr\u00e4ger*innen 2024 sind in alphabetischer Reihenfolge:<\/p><p><strong>Frick, Valerie (Allg\u00e4u-Gymnasium Kempten): zweiter Preis \/\/<\/strong> Racial Discrimination in Qatar (Kafala System) - Modern Slavery and Racial Discrimination in the Modern World: The Case of Quatar (Leitfach Englisch)<\/p><p><strong>Fuchs, Valentin (Camerloher-Gymnasium Freising): erster Preis \/\/<\/strong> Der Taiwan-Konflikt (Leitfach Sozialkunde)<\/p><p><strong>Neuberger, Jonas (Wirsberg-Gymnasium W\u00fcrzburg): Sonderpreis \/\/<\/strong> M\u00e4nnlicher Feminismus (Leitfach Sozialkunde)<\/p><p><strong>Vollmar, Mathilda (Michaeli-Gymnasium M\u00fcnchen): dritter Preis \/\/<\/strong> Verschw\u00f6rungsmythen - eine akute Gefahr f\u00fcr die Demokratie? Ein Vergleich verschiedener Verschw\u00f6rungsmythen und ihres Einflusses auf die Stabilit\u00e4t der Demokratie (Leitfach Sozialkunde)<\/p><p><a href=\"https:\/\/www.muenchen.tv\/mediathek\/video\/abiturpreis-politik-und-gesellschaft-kultusministerin-verleiht-auszeichnungen\/\" target=\"_blank\" rel=\"noopener\">Zum Anschauen: Abiturpreis \u201ePolitik und Gesellschaft\u201c \u2013 Kultusministerin verleiht Auszeichnungen | m\u00fcnchen.tv<\/a>[\/et_pb_text][\/et_pb_column][\/et_pb_row][\/et_pb_section]<\/p>","_et_gb_content_width":"","footnotes":""},"categories":[52,122],"tags":[110,95,112,97,111,74],"class_list":["post-1229","post","type-post","status-publish","format-standard","has-post-thumbnail","hentry","category-aktuelles","category-jahrestagung","tag-abitur","tag-abiturpreis","tag-gesellschaft","tag-landtag","tag-politik","tag-schule"],"_links":{"self":[{"href":"https:\/\/www.dvpb-bayern.de\/index.php\/wp-json\/wp\/v2\/posts\/1229","targetHints":{"allow":["GET"]}}],"collection":[{"href":"https:\/\/www.dvpb-bayern.de\/index.php\/wp-json\/wp\/v2\/posts"}],"about":[{"href":"https:\/\/www.dvpb-bayern.de\/index.php\/wp-json\/wp\/v2\/types\/post"}],"author":[{"embeddable":true,"href":"https:\/\/www.dvpb-bayern.de\/index.php\/wp-json\/wp\/v2\/users\/1"}],"replies":[{"embeddable":true,"href":"https:\/\/www.dvpb-bayern.de\/index.php\/wp-json\/wp\/v2\/comments?post=1229"}],"version-history":[{"count":12,"href":"https:\/\/www.dvpb-bayern.de\/index.php\/wp-json\/wp\/v2\/posts\/1229\/revisions"}],"predecessor-version":[{"id":1444,"href":"https:\/\/www.dvpb-bayern.de\/index.php\/wp-json\/wp\/v2\/posts\/1229\/revisions\/1444"}],"wp:featuredmedia":[{"embeddable":true,"href":"https:\/\/www.dvpb-bayern.de\/index.php\/wp-json\/wp\/v2\/media\/1435"}],"wp:attachment":[{"href":"https:\/\/www.dvpb-bayern.de\/index.php\/wp-json\/wp\/v2\/media?parent=1229"}],"wp:term":[{"taxonomy":"category","embeddable":true,"href":"https:\/\/www.dvpb-bayern.de\/index.php\/wp-json\/wp\/v2\/categories?post=1229"},{"taxonomy":"post_tag","embeddable":true,"href":"https:\/\/www.dvpb-bayern.de\/index.php\/wp-json\/wp\/v2\/tags?post=1229"}],"curies":[{"name":"wp","href":"https:\/\/api.w.org\/{rel}","templated":true}]}}