{"id":1265,"date":"2025-02-28T16:00:23","date_gmt":"2025-02-28T16:00:23","guid":{"rendered":"https:\/\/dvpb-bayern2024sicherung.webdesign-schwaben.de\/?p=1265"},"modified":"2025-04-02T12:48:00","modified_gmt":"2025-04-02T12:48:00","slug":"gespraech-mit-staatsministerin-anna-stolz","status":"publish","type":"post","link":"https:\/\/www.dvpb-bayern.de\/index.php\/2025\/02\/28\/gespraech-mit-staatsministerin-anna-stolz\/","title":{"rendered":"Gespr\u00e4ch mit Staatsministerin Anna Stolz"},"content":{"rendered":"<p>[et_pb_section fb_built=&#8220;1&#8243; admin_label=&#8220;section&#8220; _builder_version=&#8220;4.16&#8243; custom_padding=&#8220;10px||8px|||&#8220; global_colors_info=&#8220;{}&#8220;][et_pb_row column_structure=&#8220;2_5,3_5&#8243; admin_label=&#8220;row&#8220; _builder_version=&#8220;4.27.4&#8243; background_size=&#8220;initial&#8220; background_position=&#8220;top_left&#8220; background_repeat=&#8220;repeat&#8220; custom_padding=&#8220;||9px|||&#8220; global_colors_info=&#8220;{}&#8220;][et_pb_column type=&#8220;2_5&#8243; _builder_version=&#8220;4.16&#8243; custom_padding=&#8220;|||&#8220; global_colors_info=&#8220;{}&#8220; custom_padding__hover=&#8220;|||&#8220;][et_pb_image src=&#8220;https:\/\/www.dvpb-bayern.de\/wp-content\/uploads\/2025\/03\/A7303858_quer.png&#8220; title_text=&#8220;A7303858_quer&#8220; _builder_version=&#8220;4.27.4&#8243; _module_preset=&#8220;default&#8220; global_colors_info=&#8220;{}&#8220;][\/et_pb_image][\/et_pb_column][et_pb_column type=&#8220;3_5&#8243; _builder_version=&#8220;4.16&#8243; custom_padding=&#8220;|||&#8220; global_colors_info=&#8220;{}&#8220; custom_padding__hover=&#8220;|||&#8220;][et_pb_text admin_label=&#8220;Text&#8220; _builder_version=&#8220;4.27.4&#8243; background_size=&#8220;initial&#8220; background_position=&#8220;top_left&#8220; background_repeat=&#8220;repeat&#8220; global_colors_info=&#8220;{}&#8220;]<\/p>\n<p>Ende Februar traf sich der enge Vorstand zu einem sehr produktiven Austausch mit Staatsministerin Anna Stolz MdL, deren pers\u00f6nlichen Referentin Dr. Constanze Groten, Frau Susanne Raab, Leiterin des Referates VI 6 f\u00fcr Politische Bildung im Unterricht sowie Dr. Marc J\u00e4ger, Leiter des Referates f\u00fcr Erwachsenenbildung.<\/p>\n<p>Im Rahmen des Gespr\u00e4ches wurden verschiedene Themen diskutiert, u.a. die m\u00f6gliche (digitale) Teilnahme von Staatsministerin Stolz an der Jahrestagung.<\/p>\n<p>Hauptthema waren aktuelle Fragen der schulischen politischen Bildung, wie die Verfassungsviertelstunde als neuer Baustein im \u201eGesamtkonzept f\u00fcr die politische Bildung an Bayerns Schulen\u201c und die weitere St\u00e4rkung der politische Bildung in der Schule, u.a. auch die DVPB-Forderung f\u00fcr die Einf\u00fchrung eines Koordinators f\u00fcr politische Bildung und einem verpflichtendes Modul politische Bildung in der LPO I sowie verpflichtenden Fortbildungen im Bereich der politischen Bildung.<\/p>\n<p>&nbsp;<\/p>\n<p>Im Bereich der au\u00dferschulischen politischen Bildung wurde das Potential der aufsuchende politische Bildung und M\u00f6glichkeiten einer weiteren Zusammenarbeit diskutiert.<\/p>\n<p>[\/et_pb_text][\/et_pb_column][\/et_pb_row][\/et_pb_section]<\/p>\n","protected":false},"excerpt":{"rendered":"<p>Ende Februar traf sich der enge Vorstand zu einem sehr produktiven Austausch mit Staatsministerin Anna Stolz MdL<\/p>\n","protected":false},"author":1,"featured_media":1266,"comment_status":"closed","ping_status":"closed","sticky":false,"template":"","format":"standard","meta":{"_et_pb_use_builder":"on","_et_pb_old_content":"<p>[et_pb_section fb_built=\"1\" admin_label=\"section\" _builder_version=\"4.16\" custom_padding=\"10px||8px|||\" global_colors_info=\"{}\"][et_pb_row column_structure=\"2_5,3_5\" admin_label=\"row\" _builder_version=\"4.27.4\" background_size=\"initial\" background_position=\"top_left\" background_repeat=\"repeat\" custom_padding=\"||9px|||\" global_colors_info=\"{}\"][et_pb_column type=\"2_5\" _builder_version=\"4.16\" custom_padding=\"|||\" global_colors_info=\"{}\" custom_padding__hover=\"|||\"][et_pb_image src=\"https:\/\/www.dvpb-bayern.de\/wp-content\/uploads\/2025\/03\/StreitGeist-Logo.png\" title_text=\"StreitGeist-Logo\" _builder_version=\"4.27.4\" _module_preset=\"default\" global_colors_info=\"{}\"][\/et_pb_image][\/et_pb_column][et_pb_column type=\"3_5\" _builder_version=\"4.16\" custom_padding=\"|||\" global_colors_info=\"{}\" custom_padding__hover=\"|||\"][et_pb_text admin_label=\"Text\" _builder_version=\"4.27.4\" background_size=\"initial\" background_position=\"top_left\" background_repeat=\"repeat\" global_colors_info=\"{}\"]<\/p><p>Seit Februar 2025 ist die DVPB \u2013 LV Bayern \u2013 einer der zahlreichen Kooperationspartner in dem <a href=\"https:\/\/www.wertebuendnis-bayern.de\/\">Werteb\u00fcndnis-Projekt<\/a> <a href=\"https:\/\/www.streitfoerderer.de\/\">\u201eStreitf\u00f6rderer\u201c<\/a>. Initiiert durch Christian Boeser, <a href=\"https:\/\/www.politische-bildung-bayern.net\/\">Netzwerk Politische Bildung Bayern<\/a>, verfolgt das Projekt das Ziel eine f\u00fcr die Aushandlungsprozesse in unserer parlamentarischen Demokratie \u00fcberlebenswichtige Streit- und Diskussionskultur zu vermitteln und zu f\u00f6rdern.<\/p><p>Im Fokus stehen folgende Ziele:<\/p><ul><li>Souver\u00e4nit\u00e4t bei Streitgespr\u00e4chen \u00fcber politische und gesellschaftliche Themen<\/li><li>Bef\u00e4higung zur Unterst\u00fctzung und Moderation bei Streitgespr\u00e4chen zwischen anderen Personen und in Gruppen<\/li><li>Bef\u00e4higung anderer Personen zum souver\u00e4nen F\u00fchren von Streitgespr\u00e4chen<\/li><li>Bef\u00e4higung zur Umsetzung von Veranstaltungs- und Fortbildungsformaten im eigenen Verband\/Verein<\/li><\/ul><p>Fragen, Ideen, Fort-\/bzw. Ausbildungsw\u00fcnsche zu dem Projekt gerne an <a href=\"mailto:bernhard.hof@dvpb-bayern.de\">bernhard.hof@dvpb-bayern.de<\/a> oder direkt an <a href=\"mailto:christian.boeser@phil.uni-augsburg.de\">christian.boeser@phil.uni-augsburg.de<\/a>.<\/p><p>[\/et_pb_text][\/et_pb_column][\/et_pb_row][\/et_pb_section]<\/p>","_et_gb_content_width":"","footnotes":""},"categories":[52],"tags":[110,95,112,97,111,74],"class_list":["post-1265","post","type-post","status-publish","format-standard","has-post-thumbnail","hentry","category-aktuelles","tag-abitur","tag-abiturpreis","tag-gesellschaft","tag-landtag","tag-politik","tag-schule"],"_links":{"self":[{"href":"https:\/\/www.dvpb-bayern.de\/index.php\/wp-json\/wp\/v2\/posts\/1265","targetHints":{"allow":["GET"]}}],"collection":[{"href":"https:\/\/www.dvpb-bayern.de\/index.php\/wp-json\/wp\/v2\/posts"}],"about":[{"href":"https:\/\/www.dvpb-bayern.de\/index.php\/wp-json\/wp\/v2\/types\/post"}],"author":[{"embeddable":true,"href":"https:\/\/www.dvpb-bayern.de\/index.php\/wp-json\/wp\/v2\/users\/1"}],"replies":[{"embeddable":true,"href":"https:\/\/www.dvpb-bayern.de\/index.php\/wp-json\/wp\/v2\/comments?post=1265"}],"version-history":[{"count":5,"href":"https:\/\/www.dvpb-bayern.de\/index.php\/wp-json\/wp\/v2\/posts\/1265\/revisions"}],"predecessor-version":[{"id":1272,"href":"https:\/\/www.dvpb-bayern.de\/index.php\/wp-json\/wp\/v2\/posts\/1265\/revisions\/1272"}],"wp:featuredmedia":[{"embeddable":true,"href":"https:\/\/www.dvpb-bayern.de\/index.php\/wp-json\/wp\/v2\/media\/1266"}],"wp:attachment":[{"href":"https:\/\/www.dvpb-bayern.de\/index.php\/wp-json\/wp\/v2\/media?parent=1265"}],"wp:term":[{"taxonomy":"category","embeddable":true,"href":"https:\/\/www.dvpb-bayern.de\/index.php\/wp-json\/wp\/v2\/categories?post=1265"},{"taxonomy":"post_tag","embeddable":true,"href":"https:\/\/www.dvpb-bayern.de\/index.php\/wp-json\/wp\/v2\/tags?post=1265"}],"curies":[{"name":"wp","href":"https:\/\/api.w.org\/{rel}","templated":true}]}}