{"id":1336,"date":"2021-09-10T18:17:43","date_gmt":"2021-09-10T18:17:43","guid":{"rendered":"https:\/\/dvpb-bayern2024sicherung.webdesign-schwaben.de\/?p=1336"},"modified":"2025-04-02T13:01:24","modified_gmt":"2025-04-02T13:01:24","slug":"ausschreibung-dvpb-abiturpreis-des-landesverbandes-bayern-2021","status":"publish","type":"post","link":"https:\/\/www.dvpb-bayern.de\/index.php\/2021\/09\/10\/ausschreibung-dvpb-abiturpreis-des-landesverbandes-bayern-2021\/","title":{"rendered":"Abiturpreis &#8222;Politik und Gesellschaft&#8220; 2021 vergeben"},"content":{"rendered":"<p>[et_pb_section fb_built=&#8220;1&#8243; _builder_version=&#8220;4.16&#8243; custom_padding=&#8220;1px|||||&#8220; global_colors_info=&#8220;{}&#8220;][et_pb_row _builder_version=&#8220;4.16&#8243; background_size=&#8220;initial&#8220; background_position=&#8220;top_left&#8220; background_repeat=&#8220;repeat&#8220; global_colors_info=&#8220;{}&#8220;][et_pb_column type=&#8220;4_4&#8243; _builder_version=&#8220;4.16&#8243; custom_padding=&#8220;|||&#8220; global_colors_info=&#8220;{}&#8220; custom_padding__hover=&#8220;|||&#8220;][et_pb_image src=&#8220;https:\/\/www.dvpb-bayern.de\/wp-content\/uploads\/2022\/04\/PRP_0294-scaled.jpg&#8220; title_text=&#8220;PRP_0294&#8243; _builder_version=&#8220;4.27.4&#8243; _module_preset=&#8220;default&#8220; global_colors_info=&#8220;{}&#8220;][\/et_pb_image][et_pb_text _builder_version=&#8220;4.27.4&#8243; _module_preset=&#8220;default&#8220; global_colors_info=&#8220;{}&#8220;]<\/p>\n<p><span>Bernhard Hof, stellvertretender Vorsitzender der DVPB \u2013 Landesverband Bayern bei der Laudatio im Senatssaal des Bayerischen Landtags<\/span><\/p>\n<p>[\/et_pb_text][\/et_pb_column][\/et_pb_row][et_pb_row column_structure=&#8220;1_2,1_2&#8243; _builder_version=&#8220;4.27.4&#8243; _module_preset=&#8220;default&#8220; global_colors_info=&#8220;{}&#8220;][et_pb_column type=&#8220;1_2&#8243; _builder_version=&#8220;4.27.4&#8243; _module_preset=&#8220;default&#8220; global_colors_info=&#8220;{}&#8220;][et_pb_image src=&#8220;https:\/\/www.dvpb-bayern.de\/wp-content\/uploads\/2022\/04\/PRP_0491-scaled.jpg&#8220; title_text=&#8220;PRP_0491&#8243; _builder_version=&#8220;4.27.4&#8243; _module_preset=&#8220;default&#8220; global_colors_info=&#8220;{}&#8220;][\/et_pb_image][et_pb_text _builder_version=&#8220;4.27.4&#8243; _module_preset=&#8220;default&#8220; global_colors_info=&#8220;{}&#8220;]<\/p>\n<p><span>\u201eKultusminister Prof. Michael Piazolo und Landtagspr\u00e4sidentin Ilse Aigner im Gespr\u00e4ch mit den Preistr\u00e4gerinnen 2021 im Senatssaal des Maximilianeums\u201c<\/span><\/p>\n<p>[\/et_pb_text][\/et_pb_column][et_pb_column type=&#8220;1_2&#8243; _builder_version=&#8220;4.27.4&#8243; _module_preset=&#8220;default&#8220; global_colors_info=&#8220;{}&#8220;][et_pb_image src=&#8220;https:\/\/www.dvpb-bayern.de\/wp-content\/uploads\/2022\/04\/PRP_0472-scaled.jpg&#8220; title_text=&#8220;PRP_0472&#8243; _builder_version=&#8220;4.27.4&#8243; _module_preset=&#8220;default&#8220; global_colors_info=&#8220;{}&#8220;][\/et_pb_image][et_pb_text _builder_version=&#8220;4.27.4&#8243; _module_preset=&#8220;default&#8220; global_colors_info=&#8220;{}&#8220;]<\/p>\n<p><span>Landtagspr\u00e4sidentin Ilse Aigner \u00fcberreicht der ersten Preistr\u00e4gerin Mareike Thurisch die Urkunde.<\/span><\/p>\n<p>[\/et_pb_text][\/et_pb_column][\/et_pb_row][et_pb_row _builder_version=&#8220;4.16&#8243; background_size=&#8220;initial&#8220; background_position=&#8220;top_left&#8220; background_repeat=&#8220;repeat&#8220; global_colors_info=&#8220;{}&#8220;][et_pb_column type=&#8220;4_4&#8243; _builder_version=&#8220;4.16&#8243; custom_padding=&#8220;|||&#8220; global_colors_info=&#8220;{}&#8220; custom_padding__hover=&#8220;|||&#8220;][et_pb_text _builder_version=&#8220;4.27.4&#8243; _module_preset=&#8220;default&#8220; global_colors_info=&#8220;{}&#8220;]<\/p>\n<h2>2021<\/h2>\n<p><a href=\"https:\/\/www.bayern.landtag.de\/aktuelles\/veranstaltungen\/gaeste-und-begegnungen\/gub-2021\/10092021-abiturpreis\/\">https:\/\/www.bayern.landtag.de\/aktuelles\/veranstaltungen\/gaeste-und-begegnungen\/gub-2021\/10092021-abiturpreis\/<\/a><\/p>\n<p>[\/et_pb_text][\/et_pb_column][\/et_pb_row][\/et_pb_section]<\/p>\n","protected":false},"excerpt":{"rendered":"<p>Auch im Jahr 2021 wurde der Abiturpreis Politik und Gesellschaft des Landesverbandes verliehen.<\/p>\n","protected":false},"author":3,"featured_media":391,"comment_status":"closed","ping_status":"closed","sticky":false,"template":"","format":"standard","meta":{"_et_pb_use_builder":"on","_et_pb_old_content":"<p>[et_pb_section fb_built=\"1\" _builder_version=\"4.16\" custom_padding=\"1px|||||\" global_colors_info=\"{}\"][et_pb_row _builder_version=\"4.27.4\" _module_preset=\"default\" global_colors_info=\"{}\"][et_pb_column type=\"4_4\" _builder_version=\"4.27.4\" _module_preset=\"default\" global_colors_info=\"{}\"][et_pb_image src=\"https:\/\/www.dvpb-bayern.de\/wp-content\/uploads\/2023\/07\/Abiturpreis-2023-DVPB-Bayern_Gruppenfoto_original.jpg\" title_text=\"Abiturpreis-2023-DVPB-Bayern\" _builder_version=\"4.27.4\" _module_preset=\"default\" global_colors_info=\"{}\"][\/et_pb_image][\/et_pb_column][\/et_pb_row][et_pb_row _builder_version=\"4.16\" background_size=\"initial\" background_position=\"top_left\" background_repeat=\"repeat\" global_colors_info=\"{}\"][et_pb_column type=\"4_4\" _builder_version=\"4.16\" custom_padding=\"|||\" global_colors_info=\"{}\" custom_padding__hover=\"|||\"][et_pb_text _builder_version=\"4.16\" background_size=\"initial\" background_position=\"top_left\" background_repeat=\"repeat\" global_colors_info=\"{}\"]<\/p>[caption id=\"attachment_769\" align=\"alignright\" width=\"300\"]<img class=\"size-medium wp-image-769\" src=\"https:\/\/www.dvpb-bayern.de\/wp-content\/uploads\/2023\/07\/Constantin-Albrecht-Abiturpreis-2023-DVPB-Bayern-00289-300x200.jpg\" alt=\"Verleihung des Abiturpreises 2023 an Constantin Albrecht.\" width=\"300\" height=\"200\" \/> Constantin Albrecht (2.v.l.) erh\u00e4lt den Abiturpreis 2023. Mit dabei: Stefan Rappengl\u00fcck, Landtagspr\u00e4sidentin Ilse Aigner sowie Gero Kellermann (APB Tutzing).[\/caption]<p>Constantin Albrecht (im Bild), Paul Buchmann, Jonas Dilger, Moritz Handtke und Simon Kummer erhielten den Abiturpreis 2023 \"Politik und Gesellschaft\" aus den H\u00e4nden von Landtagspr\u00e4sidentin Ilse Aigner. Diese betonte bei der Preisverleihung in ihrem Gru\u00dfwort die <strong>Bedeutung von politischer Bildung und Demokratiebewusstsein f\u00fcr eine funktionierende freiheitliche Demokratie<\/strong>. Die Preistr\u00e4ger haben gezeigt, dass sie Demokraten sind: \u201eIhre herausragenden Seminararbeiten beweisen: Die Jugend von heute denkt politisch! Das stimmt mich zuversichtlich. Denn Demokratie braucht Mut, Tatkraft und Bekenntnis. Demokratie lebt vom Mitmachen. Daher mein Appell: Bringen Sie sich, Ihre Gedanken und Talente zum Wohle unseres Landes ein!\" \u00c4hnlich \u00e4u\u00dferten sich Ministerialdirektor Stefan Graf (Kultusministerium) und Prof. Dr. Stefan Rappengl\u00fcck (Vorsitzender des Landesverbands Bayern der Deutschen Vereinigung f\u00fcr Politische Bildung).<\/p><p>Insgesamt waren <strong>126 Seminararbeiten aus ganz Bayern<\/strong> eingereicht worden. Auffallend war in diesem Jahr eine hohe Anzahl von Arbeiten, die sich mit Rechtsextremismus, Antisemitismus, Populis-mus oder Verschw\u00f6rungstheorien besch\u00e4ftigen. Eine sechzehnk\u00f6pfige Jury des Landesverbands Bayern der DVPB, bestehend aus Lehrkr\u00e4ften und im Hochschulbereich t\u00e4tigen Personen, w\u00e4hlte aus den eingereichten Arbeiten f\u00fcnf herausragende aus. Bewertet wurden insbesondere die Problemorientierung, der aktuelle Bezug, eine multiperspektivische Vorgehensweise, ein eigenst\u00e4ndiges, kritisches politisches Urteil, ein erkennbarer Anteil an Eigenaktivit\u00e4t im Verh\u00e4ltnis zur Quellenarbeit, die Anwendung von sachgerechten Recherchemethoden sowie die \u00fcberzeugende Formulierung eines plausiblen Ergebnisses.<\/p><p><a href=\"https:\/\/www.dvpb-bayern.de\/index.php\/abiturpreis\/\">Weitere Informationen zum Abiturpreis 2023 und dem Abiturpreis allgemein erhalten Sie hier.<\/a><\/p><p><a href=\"https:\/\/www.km.bayern.de\/lehrer\/meldung\/8208\/preistraeger-ueberzeugen-durch-messerscharfe-analysen.html\" target=\"_blank\" rel=\"noopener\">\u201ePreistr\u00e4ger \u00fcberzeugen durch messerscharfe Analysen\u201c: Kultusminister Prof. Dr. Michael Piazolo gratuliert auf der Website des Staatsministeriums<\/a><br \/>[\/et_pb_text][et_pb_text _builder_version=\"4.27.4\" _module_preset=\"default\" global_colors_info=\"{}\"]<\/p><h2>2023<\/h2><p>Der Abiturpreis \u201ePolitik und Gesellschaft\u201c des Landesverbands Bayern der Deutschen Vereinigung f\u00fcr Politische Bildung e. V. wurde am 4. Juli 2023 in der Ludwig-Maximilians-Universit\u00e4t M\u00fcnchen verliehen. Landtagspr\u00e4sidentin Ilse Aigner zeichnete als Schirmherrin im Beisein von Prof. Dr. Oliver Jahraus, Vizepr\u00e4sident der LMU f\u00fcr den Bereich Lehre, und Ministerialdirektor Stefan Graf, Amtschef des Bayerischen Staatsministeriums f\u00fcr Unterricht und Kultus, f\u00fcnf Abiturienten aus, die sich in herausragender Weise mit aktuellen Themen aus den Bereichen Politik und Gesellschaft auseinandergesetzt haben.<\/p><p>Landtagspr\u00e4sidentin Aigner betonte in ihrem Gru\u00dfwort die\u00a0<strong>Bedeutung von politischer Bildung und Demokratiebewusstsein f\u00fcr eine funktionierende freiheitliche Demokratie<\/strong>. Die Preistr\u00e4ger haben gezeigt, dass sie Demokraten sind: \u201eIhre herausragenden Seminararbeiten beweisen: Die Jugend von heute denkt politisch! Das stimmt mich zuversichtlich. Denn Demokratie braucht Mut, Tatkraft und Bekenntnis. Demokratie lebt vom Mitmachen \u2013 daher mein Appell: Bringen Sie sich, Ihre Gedanken und Talente zum Wohle unseres Landes ein!\u201c<\/p><h3>\u201eSie zeigen, was es hei\u00dft, m\u00fcndige B\u00fcrger zu sein\u201c<\/h3><p>Auch Ministerialdirektor Stefan Graf w\u00fcrdigte den Abiturpreis und gratulierte den Preistr\u00e4gern: \u201eDemokratie ist kein Selbstl\u00e4ufer. Wir m\u00fcssen uns immer wieder aufs Neue einsetzen f\u00fcr ein gutes und demokratisches Miteinander in unserem Land.\u00a0<strong>Wettbewerbe wie der Abiturpreis \u201ePolitik und Gesellschaft\u201c sind ein wichtiger Baustein der Politischen Bildung an unseren Schulen.<\/strong>\u00a0Sie motivieren junge Menschen, das Geschehen in der Welt aufmerksam zu beobachten oder sich aktiv in gesellschaftliche Debatten einzubringen. Herzlichen Gl\u00fcckwunsch an die Preistr\u00e4ger des Abiturpreises \u201ePolitik und Gesellschaft\u201c \u2013 Sie zeigen mit Ihren Arbeiten, was es hei\u00dft, ein m\u00fcndiger B\u00fcrger zu sein. Ein herzliches Dankesch\u00f6n an alle Lehrkr\u00e4fte, die unsere Sch\u00fclerinnen und Sch\u00fcler auf ihrem Weg dorthin unterst\u00fctzen!\u201c<\/p><p>Im Namen des Landesverbands Bayern der Deutschen Vereinigung f\u00fcr Politische Bildung bedankte sich ihr Vorsitzender, Prof. Dr. Stefan Rappengl\u00fcck, f\u00fcr die Gru\u00dfworte; zudem dankte er den Mitgliedern der Jury f\u00fcr ihre ehrenamtliche Arbeit, der Heinz und Sybille-Laufer-Stiftung f\u00fcr politische Wissenschaft f\u00fcr die finanzielle Unterst\u00fctzung der Preisgelder sowie der Akademie f\u00fcr Politische Bildung Tutzing, die Tagungsgutscheine f\u00fcr die Preistr\u00e4ger zur Verf\u00fcgung stellt. In seiner anschlie\u00dfenden Laudatio betonte Rappengl\u00fcck den hohen Stellenwert der politischen Bildung in den Schulen, der mit dem Abiturpreis \u201ePolitik und Gesellschaft\u201c gest\u00e4rkt werden soll. Auch soll der Preis das\u00a0<strong>gezeigte Engagement von jungen Menschen<\/strong>\u00a0in ihren Arbeiten w\u00fcrdigen.<\/p><h3>126 eingereichte Arbeiten, 5 Preise<\/h3><p>Insgesamt waren 126 Seminararbeiten aus ganz Bayern eingereicht worden. Auffallend war in diesem Jahr eine\u00a0<strong>hohe Anzahl von Arbeiten, die sich mit Rechtsextremismus, Antisemitismus, Populismus oder Verschw\u00f6rungstheorien besch\u00e4ftigen<\/strong>. Eine sechzehnk\u00f6pfige Jury des Landesverbands Bayern der DVPB, bestehend aus Lehrkr\u00e4ften und im Hochschulbereich t\u00e4tigen Personen, w\u00e4hlte aus den eingereichten Arbeiten f\u00fcnf herausragende aus. Bewertet wurden insbesondere die Problemorientierung, der aktuelle Bezug, eine multiperspektivische Vorgehensweise, ein eigenst\u00e4ndiges, kritisches politisches Urteil, ein erkennbarer Anteil an Eigenaktivit\u00e4t im Verh\u00e4ltnis zur Quellenarbeit, die Anwendung von sachgerechten Recherchemethoden sowie die \u00fcberzeugende Formulierung eines plausiblen Ergebnisses.<\/p><p>Neben den ersten drei Preisen wurden in diesem Jahr auch zwei Sonderpreise vergeben. Der erste Preis wurde mit 300 Euro pr\u00e4miert, die weiteren Preistr\u00e4ger erhielten Preisgelder in H\u00f6he von 200 und 100 Euro; zudem gab es f\u00fcr jeden einen Gutschein f\u00fcr eine frei w\u00e4hlbare, mehrt\u00e4gige Veranstaltung in der Politischen Akademie Tutzing und einen Restaurantgutschein im Wert von 100 Euro. Vor der \u00dcbergabe der Urkunden und Preise durch Landtagspr\u00e4sidentin Ilse Aigner w\u00fcrdigte Prof. Dr. Rappengl\u00fcck die Seminararbeiten der f\u00fcnf Preistr\u00e4ger im Einzelnen. Abgerundet wurde die gelungene Veranstaltung mit einer interessanten F\u00fchrung der Vorsitzenden der Wei\u00dfe-Rose-Stiftung, Dr. Hildegard Kronawitter, durch die DenkSt\u00e4tte Wei\u00dfe Rose im Geb\u00e4ude der Ludwig-Maximilians-Universit\u00e4t.<\/p><h2>Die Preistr\u00e4ger 2023 (in alphabethischer Reihenfolge):<\/h2><p><strong>Albrecht, Constantin (Gymnasium der Benediktiner Sch\u00e4ftlarn): Sonderpreis \/\/<\/strong>\u00a0Chinas Neue Seidenstra\u00dfe und deren Einfluss auf Europa (Leitfach Geschichte)<\/p><p><strong>Bachmann, Paul (St\u00e4dt. Theodolinden-Gymnasium M\u00fcnchen): Dritter Preis \/\/<\/strong>\u00a0Krisen als Treiber von Populismus am Beispiel der Wirtschaftskrise 2008 und der Corona-Pandemie (Leitfach Sozialkunde)<\/p><p><strong>Dilger, Jonas (Veit-H\u00f6ser-Gymnasium Bogen): Zweiter Preis \/\/<\/strong>\u00a0Rechtsextremismus als Erbe der Diktatur in der Deutschen Demokratischen Republik? (Leitfach Geschichte)<\/p><p><strong>Handtke, Moritz (Gymnasium Gr\u00f6benzell): Erster Preis \/\/<\/strong>\u00a0Rechtsstaatlichkeit in Mexiko \u2013 Zukunftsperspektiven f\u00fcr eine bedrohte Demokratie (Leitfach Sozialkunde)<\/p><p><strong>Kummer, Simon (Katharinen-Gymnasium Ingolstadt): Sonderpreis\u00a0<\/strong><strong>Populismus und Medien \/\/<\/strong>\u00a0Untersuchung ausgew\u00e4hlter Nachrichtenbeitr\u00e4ge \u00fcber die EU im \u00f6ffentlich-rechtlichen Fernsehen Polens auf populistische Rhetorik vor und nach dem Beginn des Ukraine-Kriegs (Leitfach Sozialkunde)<\/p><p><a href=\"https:\/\/www.km.bayern.de\/lehrer\/meldung\/8208\/preistraeger-ueberzeugen-durch-messerscharfe-analysen.html\" target=\"_blank\" rel=\"noopener\">\u201ePreistr\u00e4ger \u00fcberzeugen durch messerscharfe Analysen\u201c: Kultusminister Prof. Dr. Michael Piazolo gratuliert auf der Website des Staatsministeriums<\/a><\/p><p>[\/et_pb_text][\/et_pb_column][\/et_pb_row][\/et_pb_section]<\/p>","_et_gb_content_width":"","footnotes":""},"categories":[120,123],"tags":[95,96,97,75],"class_list":["post-1336","post","type-post","status-publish","format-standard","has-post-thumbnail","hentry","category-abiturpreis","category-archiv-aktuelles","tag-abiturpreis","tag-bildung","tag-landtag","tag-politische-bildung"],"_links":{"self":[{"href":"https:\/\/www.dvpb-bayern.de\/index.php\/wp-json\/wp\/v2\/posts\/1336","targetHints":{"allow":["GET"]}}],"collection":[{"href":"https:\/\/www.dvpb-bayern.de\/index.php\/wp-json\/wp\/v2\/posts"}],"about":[{"href":"https:\/\/www.dvpb-bayern.de\/index.php\/wp-json\/wp\/v2\/types\/post"}],"author":[{"embeddable":true,"href":"https:\/\/www.dvpb-bayern.de\/index.php\/wp-json\/wp\/v2\/users\/3"}],"replies":[{"embeddable":true,"href":"https:\/\/www.dvpb-bayern.de\/index.php\/wp-json\/wp\/v2\/comments?post=1336"}],"version-history":[{"count":8,"href":"https:\/\/www.dvpb-bayern.de\/index.php\/wp-json\/wp\/v2\/posts\/1336\/revisions"}],"predecessor-version":[{"id":1347,"href":"https:\/\/www.dvpb-bayern.de\/index.php\/wp-json\/wp\/v2\/posts\/1336\/revisions\/1347"}],"wp:featuredmedia":[{"embeddable":true,"href":"https:\/\/www.dvpb-bayern.de\/index.php\/wp-json\/wp\/v2\/media\/391"}],"wp:attachment":[{"href":"https:\/\/www.dvpb-bayern.de\/index.php\/wp-json\/wp\/v2\/media?parent=1336"}],"wp:term":[{"taxonomy":"category","embeddable":true,"href":"https:\/\/www.dvpb-bayern.de\/index.php\/wp-json\/wp\/v2\/categories?post=1336"},{"taxonomy":"post_tag","embeddable":true,"href":"https:\/\/www.dvpb-bayern.de\/index.php\/wp-json\/wp\/v2\/tags?post=1336"}],"curies":[{"name":"wp","href":"https:\/\/api.w.org\/{rel}","templated":true}]}}