{"id":1460,"date":"2025-10-18T09:24:58","date_gmt":"2025-10-18T09:24:58","guid":{"rendered":"https:\/\/www.dvpb-bayern.de\/?p=1460"},"modified":"2025-11-20T13:58:17","modified_gmt":"2025-11-20T13:58:17","slug":"kurzportrait-bernhard-hof-ostd-a-d","status":"publish","type":"post","link":"https:\/\/www.dvpb-bayern.de\/index.php\/2025\/10\/18\/kurzportrait-bernhard-hof-ostd-a-d\/","title":{"rendered":"Kurzportrait Bernhard Hof, OStD a.D."},"content":{"rendered":"<p>[et_pb_section fb_built=&#8220;1&#8243; _builder_version=&#8220;4.16&#8243; _module_preset=&#8220;default&#8220; custom_margin=&#8220;-51px|||||&#8220; custom_padding=&#8220;32px|||||&#8220; global_colors_info=&#8220;{}&#8220;][et_pb_row _builder_version=&#8220;4.16&#8243; _module_preset=&#8220;default&#8220; global_colors_info=&#8220;{}&#8220;][et_pb_column type=&#8220;4_4&#8243; _builder_version=&#8220;4.16&#8243; _module_preset=&#8220;default&#8220; global_colors_info=&#8220;{}&#8220;][et_pb_text _builder_version=&#8220;4.27.4&#8243; _module_preset=&#8220;default&#8220; text_font=&#8220;Amiko||||||||&#8220; header_font=&#8220;||||||||&#8220; header_text_color=&#8220;#0C71C3&#8243; header_font_size=&#8220;25px&#8220; header_2_font=&#8220;Amiko||||||||&#8220; header_3_font=&#8220;Amiko||||||||&#8220; header_4_font=&#8220;Amiko||||||||&#8220; global_colors_info=&#8220;{}&#8220;]<\/p>\n<h1><strong>Kurzportrait<\/strong><\/h1>\n<p>[\/et_pb_text][\/et_pb_column][\/et_pb_row][et_pb_row column_structure=&#8220;1_2,1_2&#8243; _builder_version=&#8220;4.16&#8243; _module_preset=&#8220;default&#8220; global_colors_info=&#8220;{}&#8220;][et_pb_column type=&#8220;1_2&#8243; _builder_version=&#8220;4.16&#8243; _module_preset=&#8220;default&#8220; global_colors_info=&#8220;{}&#8220;][et_pb_text _builder_version=&#8220;4.27.4&#8243; _module_preset=&#8220;default&#8220; global_colors_info=&#8220;{}&#8220;]<\/p>\n<h2>Bernhard Hof, OStD a.D.<\/h2>\n<p>Politische Bildung im engeren und im weiteren Sinn zu praktizieren und zu f\u00f6rdern, war und ist ein wesentliches Leitmotiv meines beruflichen und au\u00dferberuflichen Engagements.<\/p>\n<p>&nbsp;<\/p>\n<ul>\n<li>Seit Jahrzehnten in der DVPB war ich in der digitalen Steinzeit f\u00fcr unseren ersten Internetauftritt verantwortlich, in der \u00c4ra Hampe Schatzmeister und seither stellvertretender Vorsitzender. Und jetzt versuche ich mich als Streitf\u00f6rderer <a href=\"https:\/\/www.streitfoerderer.de\/\">https:\/\/www.streitfoerderer.de\/<\/a> und bem\u00fche mich um unsere Homepage.<\/li>\n<li>In meiner beruflichen Laufbahn habe ich das Gymnasium in Bayern aus vielen verschiedenen Blickwinkeln kennengelernt: Als Lehrkraft (Sk, D, G) an sieben Gymnasien in unterschiedlichen Funktionen \u2013 Schulbibliothek, Verbindungslehrer, Schulmuseum zur Geschichte der h\u00f6heren M\u00e4dchenbildung, Schultheater, Stufenbetreuung, als Seminarlehrkraft f\u00fcr Sozialkunde und Grundfragen der politischen Bildung und schlie\u00dflich als Schulleiter. Da gab es viele Gelegenheiten in einem wunderbaren Beruf Beteiligung und Engagement, Achtung und Toleranz auf der Grundlage demokratischer Werte zu f\u00f6rdern.<\/li>\n<li>Ich hoffe, dass mein aktuelles Engagement am Lernort Buttenwiesen &#8211; <a href=\"https:\/\/www.lernort-buttenwiesen.de\/\">https:\/\/www.lernort-buttenwiesen.de\/<\/a> &#8211; als Beauftragter der Gemeinde f\u00fcr j\u00fcdisches Erbe und Erinnerungskultur einen kleinen Beitrag zur Pr\u00e4vention von Antisemitismus und gruppenbezogener Menschenfeindlichkeit leistet.<br \/>Ziemlich spannend und mitunter etwas abenteuerlich ist meine T\u00e4tigkeit als Gesch\u00e4ftsf\u00fchrer eines Startups \u2013 Lernensemble gUG (hb) &#8211; <a href=\"https:\/\/www.lernensemble.de\/\">https:\/\/www.lernensemble.de\/<\/a> -, das ich zusammen mit Bettina Hof und drei weiteren Mitgliedern des Lernortteams gegr\u00fcndet habe. Auch das hat mit politischer Bildung zu tun \u2026<\/li>\n<\/ul>\n<p>[\/et_pb_text][\/et_pb_column][et_pb_column type=&#8220;1_2&#8243; _builder_version=&#8220;4.16&#8243; _module_preset=&#8220;default&#8220; global_colors_info=&#8220;{}&#8220;][et_pb_image src=&#8220;https:\/\/www.dvpb-bayern.de\/wp-content\/uploads\/2025\/07\/1k-Bernhard-Hof.jpg&#8220; title_text=&#8220;1k-Bernhard-Hof&#8220; _builder_version=&#8220;4.27.4&#8243; _module_preset=&#8220;default&#8220; global_colors_info=&#8220;{}&#8220;][\/et_pb_image][\/et_pb_column][\/et_pb_row][\/et_pb_section]<\/p>\n","protected":false},"excerpt":{"rendered":"<p>Kurzportrait Bernhard Hof, OStD a.D. Politische Bildung im engeren und im weiteren Sinn zu praktizieren und zu f\u00f6rdern, war und ist ein wesentliches Leitmotiv meines beruflichen und au\u00dferberuflichen Engagements. &nbsp; Seit Jahrzehnten in der DVPB war ich in der digitalen Steinzeit f\u00fcr unseren ersten Internetauftritt verantwortlich, in der \u00c4ra Hampe Schatzmeister und seither stellvertretender Vorsitzender. [&hellip;]<\/p>\n","protected":false},"author":1,"featured_media":1461,"comment_status":"open","ping_status":"closed","sticky":false,"template":"","format":"standard","meta":{"_et_pb_use_builder":"on","_et_pb_old_content":"<p>[et_pb_section fb_built=\"1\" _builder_version=\"4.16\" _module_preset=\"default\" custom_margin=\"-51px|||||\" custom_padding=\"32px|||||\" global_colors_info=\"{}\"][et_pb_row _builder_version=\"4.16\" _module_preset=\"default\" global_colors_info=\"{}\"][et_pb_column type=\"4_4\" _builder_version=\"4.16\" _module_preset=\"default\" global_colors_info=\"{}\"][et_pb_text _builder_version=\"4.27.4\" _module_preset=\"default\" text_font=\"Amiko||||||||\" header_font=\"||||||||\" header_text_color=\"#0C71C3\" header_font_size=\"25px\" header_2_font=\"Amiko||||||||\" header_3_font=\"Amiko||||||||\" header_4_font=\"Amiko||||||||\" global_colors_info=\"{}\"]<\/p><h1><strong>Kurzportrait<\/strong><\/h1><p>[\/et_pb_text][\/et_pb_column][\/et_pb_row][et_pb_row column_structure=\"1_2,1_2\" _builder_version=\"4.16\" _module_preset=\"default\" global_colors_info=\"{}\"][et_pb_column type=\"1_2\" _builder_version=\"4.16\" _module_preset=\"default\" global_colors_info=\"{}\"][et_pb_text _builder_version=\"4.27.4\" _module_preset=\"default\" global_colors_info=\"{}\"]<\/p><h2 class=\"p1\">Harald Retsch, StD i.K.<\/h2><p class=\"p1\">1997 trat ich dem Landesverband Bayern der Deutschen Vereinigung f\u00fcr Politische Bildung bei, seit September 2018 bin ich in deren erweitertem Vorstand aktiv.<\/p><p class=\"p1\">Hauptberuflich unterrichte ich seit 2001 am M\u00e4dchengymnasium der St.-Ursula-Schule in W\u00fcrzburg die F\u00e4cher Deutsch und Politik und Gesellschaft (ehemals Sozialkunde), seit 2006 bin ich Mitarbeiter in der Schulleitung. Von 2015 bis 2018 nahm ich im Zentrum f\u00fcr Lehrerbildung und der Professional School of Education (PSE) der Universit\u00e4t W\u00fcrzburg nebenamtlich Lehrauftr\u00e4ge zu Themen aus der Didaktik der Sozialkunde wahr. Seit 2019 habe ich in einem Team von Schulbuchautoren an der Erstellung mehrerer Schulb\u00fccher f\u00fcr das Unterrichtsfach Politik und Gesellschaft f\u00fcr das Gymnasium in Bayern mitgewirkt.<\/p><p class=\"p1\">Als Mitglied der Arbeitsgruppe Schulische politische Bildung m\u00f6chte ich in der DVPB meine Unterrichtserfahrungen aus der Durchf\u00fchrung von Planspielen, Erinnerungsarbeit, Leitung von P-Seminaren im Leitfach Politik und Gesellschaft, Teilnahme an Juniorwahlen und anderen Projekten einbringen.<\/p><p class=\"p1\">Die kontinuierliche St\u00e4rkung der politischen Bildung und die dauerhafte F\u00f6rderung der Demokratieerziehung in der Schule sind ein wesentliches Motiv f\u00fcr mein Engagement in der DVPB.<\/p><p class=\"p1\">Sehr gerne unterst\u00fctze ich Kolleginnen und Kollegen zu Fragen bez\u00fcglich des Unterrichtsfachs Politik und Gesellschaft. Da meine Schule zu einem von rund 55 Gymnasien in Bayern geh\u00f6rt, die eine sozialwissenschaftliche Ausbildungsrichtung anbieten, verf\u00fcge ich \u00fcber reichlich Erfahrung im Politik-Unterricht von der Jahrgangsstufe 8 bis hin zum Abitur.<\/p><p>[\/et_pb_text][\/et_pb_column][et_pb_column type=\"1_2\" _builder_version=\"4.16\" _module_preset=\"default\" global_colors_info=\"{}\"][et_pb_image src=\"https:\/\/www.dvpb-bayern.de\/wp-content\/uploads\/2025\/03\/Bildschirmfoto-2025-03-28-um-09.02.24.png\" title_text=\"Bildschirmfoto 2025-03-28 um 09.02.24\" _builder_version=\"4.27.4\" _module_preset=\"default\" global_colors_info=\"{}\"][\/et_pb_image][\/et_pb_column][\/et_pb_row][\/et_pb_section]<\/p>","_et_gb_content_width":"","footnotes":""},"categories":[121],"tags":[],"class_list":["post-1460","post","type-post","status-publish","format-standard","has-post-thumbnail","hentry","category-kurzportraits-vorstand"],"_links":{"self":[{"href":"https:\/\/www.dvpb-bayern.de\/index.php\/wp-json\/wp\/v2\/posts\/1460","targetHints":{"allow":["GET"]}}],"collection":[{"href":"https:\/\/www.dvpb-bayern.de\/index.php\/wp-json\/wp\/v2\/posts"}],"about":[{"href":"https:\/\/www.dvpb-bayern.de\/index.php\/wp-json\/wp\/v2\/types\/post"}],"author":[{"embeddable":true,"href":"https:\/\/www.dvpb-bayern.de\/index.php\/wp-json\/wp\/v2\/users\/1"}],"replies":[{"embeddable":true,"href":"https:\/\/www.dvpb-bayern.de\/index.php\/wp-json\/wp\/v2\/comments?post=1460"}],"version-history":[{"count":5,"href":"https:\/\/www.dvpb-bayern.de\/index.php\/wp-json\/wp\/v2\/posts\/1460\/revisions"}],"predecessor-version":[{"id":1721,"href":"https:\/\/www.dvpb-bayern.de\/index.php\/wp-json\/wp\/v2\/posts\/1460\/revisions\/1721"}],"wp:featuredmedia":[{"embeddable":true,"href":"https:\/\/www.dvpb-bayern.de\/index.php\/wp-json\/wp\/v2\/media\/1461"}],"wp:attachment":[{"href":"https:\/\/www.dvpb-bayern.de\/index.php\/wp-json\/wp\/v2\/media?parent=1460"}],"wp:term":[{"taxonomy":"category","embeddable":true,"href":"https:\/\/www.dvpb-bayern.de\/index.php\/wp-json\/wp\/v2\/categories?post=1460"},{"taxonomy":"post_tag","embeddable":true,"href":"https:\/\/www.dvpb-bayern.de\/index.php\/wp-json\/wp\/v2\/tags?post=1460"}],"curies":[{"name":"wp","href":"https:\/\/api.w.org\/{rel}","templated":true}]}}