{"id":1473,"date":"2025-09-10T09:36:36","date_gmt":"2025-09-10T09:36:36","guid":{"rendered":"https:\/\/www.dvpb-bayern.de\/?p=1473"},"modified":"2025-11-20T14:06:11","modified_gmt":"2025-11-20T14:06:11","slug":"kurzportrait-sabine-kehr-akademische-raetin","status":"publish","type":"post","link":"https:\/\/www.dvpb-bayern.de\/index.php\/2025\/09\/10\/kurzportrait-sabine-kehr-akademische-raetin\/","title":{"rendered":"Kurzportrait Sabine Kehr, Akademische R\u00e4tin"},"content":{"rendered":"<p>[et_pb_section fb_built=&#8220;1&#8243; _builder_version=&#8220;4.16&#8243; _module_preset=&#8220;default&#8220; custom_margin=&#8220;-51px|||||&#8220; custom_padding=&#8220;32px|||||&#8220; global_colors_info=&#8220;{}&#8220;][et_pb_row _builder_version=&#8220;4.16&#8243; _module_preset=&#8220;default&#8220; global_colors_info=&#8220;{}&#8220;][et_pb_column type=&#8220;4_4&#8243; _builder_version=&#8220;4.16&#8243; _module_preset=&#8220;default&#8220; global_colors_info=&#8220;{}&#8220;][et_pb_text _builder_version=&#8220;4.27.4&#8243; _module_preset=&#8220;default&#8220; text_font=&#8220;Amiko||||||||&#8220; header_font=&#8220;||||||||&#8220; header_text_color=&#8220;#0C71C3&#8243; header_font_size=&#8220;25px&#8220; header_2_font=&#8220;Amiko||||||||&#8220; header_3_font=&#8220;Amiko||||||||&#8220; header_4_font=&#8220;Amiko||||||||&#8220; global_colors_info=&#8220;{}&#8220;]<\/p>\n<h1><strong>Kurzportrait<\/strong><\/h1>\n<p>[\/et_pb_text][\/et_pb_column][\/et_pb_row][et_pb_row column_structure=&#8220;1_2,1_2&#8243; _builder_version=&#8220;4.16&#8243; _module_preset=&#8220;default&#8220; global_colors_info=&#8220;{}&#8220;][et_pb_column type=&#8220;1_2&#8243; _builder_version=&#8220;4.16&#8243; _module_preset=&#8220;default&#8220; global_colors_info=&#8220;{}&#8220;][et_pb_text _builder_version=&#8220;4.27.4&#8243; _module_preset=&#8220;default&#8220; global_colors_info=&#8220;{}&#8220;]<\/p>\n<h2>Sabine Kehr, Akademische R\u00e4tin<\/h2>\n<p>&nbsp;<\/p>\n<p>2011-2021: Lehrerin an Grund- und Mittelschulen in Bayern<\/p>\n<p>Seit 2018: Mitglied im Landesverband Bayern der Deutschen Vereinigung f\u00fcr Politische Bildung<\/p>\n<p>Seit 2021: Dozentin in den Fachdidaktiken <em>Politik und Gesellschaft<\/em> sowie <em>Beruf und Wirtschaft<\/em> an der Universit\u00e4t W\u00fcrzburg<\/p>\n<p>Aktives Mitglied des erweiterten Vorstands des Landesverbandes Bayern in den Arbeitsgruppen <em>Forum Politikunterricht<\/em> und <em>au\u00dferschulische institutionelle politische Bildung <\/em><\/p>\n<p>Mein pers\u00f6nliches Ziel im Landesverband: Verkn\u00fcpfung zwischen universit\u00e4rer Fachdidaktik und unterrichtspraktischem Lehrerhandeln<\/p>\n<p>[\/et_pb_text][\/et_pb_column][et_pb_column type=&#8220;1_2&#8243; _builder_version=&#8220;4.16&#8243; _module_preset=&#8220;default&#8220; global_colors_info=&#8220;{}&#8220;][et_pb_image src=&#8220;https:\/\/www.dvpb-bayern.de\/wp-content\/uploads\/2025\/07\/1k-Sabine-Kehr.jpg&#8220; title_text=&#8220;1k-Sabine-Kehr&#8220; _builder_version=&#8220;4.27.4&#8243; _module_preset=&#8220;default&#8220; global_colors_info=&#8220;{}&#8220;][\/et_pb_image][\/et_pb_column][\/et_pb_row][\/et_pb_section]<\/p>\n","protected":false},"excerpt":{"rendered":"<p>Kurzportrait Sabine Kehr, Akademische R\u00e4tin &nbsp; 2011-2021: Lehrerin an Grund- und Mittelschulen in Bayern Seit 2018: Mitglied im Landesverband Bayern der Deutschen Vereinigung f\u00fcr Politische Bildung Seit 2021: Dozentin in den Fachdidaktiken Politik und Gesellschaft sowie Beruf und Wirtschaft an der Universit\u00e4t W\u00fcrzburg Aktives Mitglied des erweiterten Vorstands des Landesverbandes Bayern in den Arbeitsgruppen Forum [&hellip;]<\/p>\n","protected":false},"author":1,"featured_media":1474,"comment_status":"open","ping_status":"closed","sticky":false,"template":"","format":"standard","meta":{"_et_pb_use_builder":"on","_et_pb_old_content":"<p>[et_pb_section fb_built=\"1\" _builder_version=\"4.16\" _module_preset=\"default\" custom_margin=\"-51px|||||\" custom_padding=\"32px|||||\" global_colors_info=\"{}\"][et_pb_row _builder_version=\"4.16\" _module_preset=\"default\" global_colors_info=\"{}\"][et_pb_column type=\"4_4\" _builder_version=\"4.16\" _module_preset=\"default\" global_colors_info=\"{}\"][et_pb_text _builder_version=\"4.27.4\" _module_preset=\"default\" text_font=\"Amiko||||||||\" header_font=\"||||||||\" header_text_color=\"#0C71C3\" header_font_size=\"25px\" header_2_font=\"Amiko||||||||\" header_3_font=\"Amiko||||||||\" header_4_font=\"Amiko||||||||\" global_colors_info=\"{}\"]<\/p><h1><strong>Kurzportrait<\/strong><\/h1><p>[\/et_pb_text][\/et_pb_column][\/et_pb_row][et_pb_row column_structure=\"1_2,1_2\" _builder_version=\"4.16\" _module_preset=\"default\" global_colors_info=\"{}\"][et_pb_column type=\"1_2\" _builder_version=\"4.16\" _module_preset=\"default\" global_colors_info=\"{}\"][et_pb_text _builder_version=\"4.27.4\" _module_preset=\"default\" hover_enabled=\"0\" global_colors_info=\"{}\" sticky_enabled=\"0\"]<\/p><h2>Dr. phil. Christian Boeser<\/h2><p>\u00a0<\/p><p>Dr. phil. Christian Boeser besch\u00e4ftigt sich seit 35 Jahren mit politischer Bildung f\u00fcr unsere Demokratie. Boeser ist Leiter des Netzwerks Politische Bildung Bayern und Initiator des Werteb\u00fcndnisprojekts STREIT\/F\u00d6RDERER, bei dem es um die St\u00e4rkung der demokratischen Streitkultur und den Umgang mit politischem Extremismus geht. Boeser ist Akademischer Oberrat am Lehrstuhl f\u00fcr P\u00e4dagogik mit Schwerpunkt Erwachsenen- und Weiterbildung an der Universit\u00e4t Augsburg.<\/p><p>Kontakt: <a href=\"mailto:christian.boeser@phil.uni-augsburg.de\" target=\"_blank\" rel=\"noopener\">christian.boeser@phil.uni-augsburg.de<\/a><\/p><p>Foto: Andreas Keilholz<\/p><p>[\/et_pb_text][\/et_pb_column][et_pb_column type=\"1_2\" _builder_version=\"4.16\" _module_preset=\"default\" global_colors_info=\"{}\"][et_pb_image src=\"https:\/\/www.dvpb-bayern.de\/wp-content\/uploads\/2025\/07\/1k-Christian-Boeser.jpg\" title_text=\"1k-Christian-Boeser\" _builder_version=\"4.27.4\" _module_preset=\"default\" hover_enabled=\"0\" global_colors_info=\"{}\" sticky_enabled=\"0\"][\/et_pb_image][\/et_pb_column][\/et_pb_row][\/et_pb_section]<\/p>","_et_gb_content_width":"","footnotes":""},"categories":[121],"tags":[],"class_list":["post-1473","post","type-post","status-publish","format-standard","has-post-thumbnail","hentry","category-kurzportraits-vorstand"],"_links":{"self":[{"href":"https:\/\/www.dvpb-bayern.de\/index.php\/wp-json\/wp\/v2\/posts\/1473","targetHints":{"allow":["GET"]}}],"collection":[{"href":"https:\/\/www.dvpb-bayern.de\/index.php\/wp-json\/wp\/v2\/posts"}],"about":[{"href":"https:\/\/www.dvpb-bayern.de\/index.php\/wp-json\/wp\/v2\/types\/post"}],"author":[{"embeddable":true,"href":"https:\/\/www.dvpb-bayern.de\/index.php\/wp-json\/wp\/v2\/users\/1"}],"replies":[{"embeddable":true,"href":"https:\/\/www.dvpb-bayern.de\/index.php\/wp-json\/wp\/v2\/comments?post=1473"}],"version-history":[{"count":4,"href":"https:\/\/www.dvpb-bayern.de\/index.php\/wp-json\/wp\/v2\/posts\/1473\/revisions"}],"predecessor-version":[{"id":1723,"href":"https:\/\/www.dvpb-bayern.de\/index.php\/wp-json\/wp\/v2\/posts\/1473\/revisions\/1723"}],"wp:featuredmedia":[{"embeddable":true,"href":"https:\/\/www.dvpb-bayern.de\/index.php\/wp-json\/wp\/v2\/media\/1474"}],"wp:attachment":[{"href":"https:\/\/www.dvpb-bayern.de\/index.php\/wp-json\/wp\/v2\/media?parent=1473"}],"wp:term":[{"taxonomy":"category","embeddable":true,"href":"https:\/\/www.dvpb-bayern.de\/index.php\/wp-json\/wp\/v2\/categories?post=1473"},{"taxonomy":"post_tag","embeddable":true,"href":"https:\/\/www.dvpb-bayern.de\/index.php\/wp-json\/wp\/v2\/tags?post=1473"}],"curies":[{"name":"wp","href":"https:\/\/api.w.org\/{rel}","templated":true}]}}