{"id":1479,"date":"2025-10-19T09:41:42","date_gmt":"2025-10-19T09:41:42","guid":{"rendered":"https:\/\/www.dvpb-bayern.de\/?p=1479"},"modified":"2025-11-20T13:59:08","modified_gmt":"2025-11-20T13:59:08","slug":"kurzportrait-prof-dr-stefan-rappenglueck","status":"publish","type":"post","link":"https:\/\/www.dvpb-bayern.de\/index.php\/2025\/10\/19\/kurzportrait-prof-dr-stefan-rappenglueck\/","title":{"rendered":"Kurzportrait Prof. Dr. Stefan Rappengl\u00fcck"},"content":{"rendered":"<p>[et_pb_section fb_built=&#8220;1&#8243; _builder_version=&#8220;4.16&#8243; _module_preset=&#8220;default&#8220; custom_margin=&#8220;-51px|||||&#8220; custom_padding=&#8220;32px|||||&#8220; global_colors_info=&#8220;{}&#8220;][et_pb_row _builder_version=&#8220;4.16&#8243; _module_preset=&#8220;default&#8220; global_colors_info=&#8220;{}&#8220;][et_pb_column type=&#8220;4_4&#8243; _builder_version=&#8220;4.16&#8243; _module_preset=&#8220;default&#8220; global_colors_info=&#8220;{}&#8220;][et_pb_text _builder_version=&#8220;4.27.4&#8243; _module_preset=&#8220;default&#8220; text_font=&#8220;Amiko||||||||&#8220; header_font=&#8220;||||||||&#8220; header_text_color=&#8220;#0C71C3&#8243; header_font_size=&#8220;25px&#8220; header_2_font=&#8220;Amiko||||||||&#8220; header_3_font=&#8220;Amiko||||||||&#8220; header_4_font=&#8220;Amiko||||||||&#8220; global_colors_info=&#8220;{}&#8220;]<\/p>\n<h1><strong>Kurzportrait<\/strong><\/h1>\n<p>[\/et_pb_text][\/et_pb_column][\/et_pb_row][et_pb_row column_structure=&#8220;1_2,1_2&#8243; _builder_version=&#8220;4.16&#8243; _module_preset=&#8220;default&#8220; global_colors_info=&#8220;{}&#8220;][et_pb_column type=&#8220;1_2&#8243; _builder_version=&#8220;4.16&#8243; _module_preset=&#8220;default&#8220; global_colors_info=&#8220;{}&#8220;][et_pb_text _builder_version=&#8220;4.27.4&#8243; _module_preset=&#8220;default&#8220; global_colors_info=&#8220;{}&#8220;]<\/p>\n<h2>Prof. Dr. Stefan Rappengl\u00fcck<\/h2>\n<p>&nbsp;<\/p>\n<p><span>Demokratie ist keine Selbstverst\u00e4ndlichkeit und muss best\u00e4ndig neu vermittelt und legitimiert werden.<\/span><\/p>\n<p>Politik zu vermitteln und andere zu aktivieren, sich selbst in Politik einzubringen und den Stellenwert der politischen Bildung zu thematisieren, das sind mir zentrale Anliegen. Dabei bewegen mich besonders die Themen Politische Bildung, Europa, Israel, Migration.<\/p>\n<p>Seit \u00fcber 25 Jahren bin ich Mitglied des Landesverbandes Bayern der Deutschen Vereinigung f\u00fcr politische Bildung, langj\u00e4hrig als Schriftf\u00fchrer t\u00e4tig und nun in meiner zweiten Amtsperiode Vorsitzender.<\/p>\n<p>Im Verband k\u00fcmmere ich mich besonders um den Abiturpreis, die j\u00e4hrliche Jahrestagung und die FPU\/Homepage.<\/p>\n<p>Beruflich bin ich gegenw\u00e4rtig Gastprofessor f\u00fcr Migrations- und Sozialpolitik an der Katholischen Hochschule f\u00fcr Sozialwesen in Berlin, leidgepr\u00fcfter Vielfahrer der Bahn und freiberuflich in der schulischen- und au\u00dferschulischen politischen Bildung t\u00e4tig.<\/p>\n<p>Bis 2021 war ich <span>Professor f\u00fcr Europ\u00e4ische Studien an der Hochschule M\u00fcnchen mit Schwerpunkt Migration\/Politische Bildung. <\/span><\/p>\n<p><span>Als fr\u00fcherer Vertretungsprofessor f\u00fcr Gemeinschaftskunde\/Politikwissenschaft bildete ich u.a. angehende Lehrkr\u00e4fte f\u00fcr Real- und Mittelschulen aus, arbeitete davor als langj\u00e4hriger Leiter der Forschungsgruppe Jugend und Europa am Centrum f\u00fcr angewandte Politikforschung an der Schnittstelle zwischen schulischer und au\u00dferschulischer politischer Bildung wissenschaftlich und praktisch. <\/span><\/p>\n<p><span>Meine besondere Leidenschaft im Bereich der politischen Bildung gilt Politiksimulationen: von der Entwicklung und Ver\u00f6ffentlichung vieler Politiksimulationen, meinen Beitr\u00e4gen bei dem bei der Bundeszentrale f\u00fcr politische Bildung herausgegeben Handbuch \u201ePlanspiele in der politischen Bildung\u201c bis zur Mitwirkung in der Jury des Deutschen Planspielpreises.<\/span><\/p>\n<p><span>Politische Bildung besch\u00e4ftigt mich auch in meinem weiteren Ehrenamt als stellvertretender Vorsitzender des Katholikenrates der Region M\u00fcnchen und Sprecher des Sachbereichsgremium \u201eGesellschaftspolitik\u201c des Di\u00f6zesanrates der Erzdi\u00f6zese M\u00fcnchen-Freising, u.a. in der erst k\u00fcrzlich ver\u00f6ffentlichten Demokratiefibel.<\/span><\/p>\n<p>[\/et_pb_text][\/et_pb_column][et_pb_column type=&#8220;1_2&#8243; _builder_version=&#8220;4.16&#8243; _module_preset=&#8220;default&#8220; global_colors_info=&#8220;{}&#8220;][et_pb_image src=&#8220;https:\/\/www.dvpb-bayern.de\/wp-content\/uploads\/2025\/07\/1k-Stefan-Rappenglueck.jpg&#8220; title_text=&#8220;1k-Stefan-Rappenglueck&#8220; _builder_version=&#8220;4.27.4&#8243; _module_preset=&#8220;default&#8220; global_colors_info=&#8220;{}&#8220;][\/et_pb_image][\/et_pb_column][\/et_pb_row][\/et_pb_section]<\/p>\n","protected":false},"excerpt":{"rendered":"<p>Kurzportrait Prof. Dr. Stefan Rappengl\u00fcck &nbsp; Demokratie ist keine Selbstverst\u00e4ndlichkeit und muss best\u00e4ndig neu vermittelt und legitimiert werden. Politik zu vermitteln und andere zu aktivieren, sich selbst in Politik einzubringen und den Stellenwert der politischen Bildung zu thematisieren, das sind mir zentrale Anliegen. Dabei bewegen mich besonders die Themen Politische Bildung, Europa, Israel, Migration. Seit [&hellip;]<\/p>\n","protected":false},"author":1,"featured_media":1482,"comment_status":"open","ping_status":"closed","sticky":false,"template":"","format":"standard","meta":{"_et_pb_use_builder":"on","_et_pb_old_content":"<p>[et_pb_section fb_built=\"1\" _builder_version=\"4.16\" _module_preset=\"default\" custom_margin=\"-51px|||||\" custom_padding=\"32px|||||\" global_colors_info=\"{}\"][et_pb_row _builder_version=\"4.16\" _module_preset=\"default\" global_colors_info=\"{}\"][et_pb_column type=\"4_4\" _builder_version=\"4.16\" _module_preset=\"default\" global_colors_info=\"{}\"][et_pb_text _builder_version=\"4.27.4\" _module_preset=\"default\" text_font=\"Amiko||||||||\" header_font=\"||||||||\" header_text_color=\"#0C71C3\" header_font_size=\"25px\" header_2_font=\"Amiko||||||||\" header_3_font=\"Amiko||||||||\" header_4_font=\"Amiko||||||||\" global_colors_info=\"{}\"]<\/p><h1><strong>Kurzportrait<\/strong><\/h1><p>[\/et_pb_text][\/et_pb_column][\/et_pb_row][et_pb_row column_structure=\"1_2,1_2\" _builder_version=\"4.16\" _module_preset=\"default\" global_colors_info=\"{}\"][et_pb_column type=\"1_2\" _builder_version=\"4.16\" _module_preset=\"default\" global_colors_info=\"{}\"][et_pb_text _builder_version=\"4.27.4\" _module_preset=\"default\" hover_enabled=\"0\" global_colors_info=\"{}\" sticky_enabled=\"0\"]<\/p><h2>Sabine Kehr, Akademische R\u00e4tin<\/h2><p>\u00a0<\/p><p>2011-2021: Lehrerin an Grund- und Mittelschulen in Bayern<\/p><p>Seit 2018: Mitglied im Landesverband Bayern der Deutschen Vereinigung f\u00fcr Politische Bildung<\/p><p>Seit 2021: Dozentin in den Fachdidaktiken <em>Politik und Gesellschaft<\/em> sowie <em>Beruf und Wirtschaft<\/em> an der Universit\u00e4t W\u00fcrzburg<\/p><p>Aktives Mitglied des erweiterten Vorstands des Landesverbandes Bayern in den Arbeitsgruppen <em>Forum Politikunterricht<\/em> und <em>au\u00dferschulische institutionelle politische Bildung <\/em><\/p><p>Mein pers\u00f6nliches Ziel im Landesverband: Verkn\u00fcpfung zwischen universit\u00e4rer Fachdidaktik und unterrichtspraktischem Lehrerhandeln<\/p><p>[\/et_pb_text][\/et_pb_column][et_pb_column type=\"1_2\" _builder_version=\"4.16\" _module_preset=\"default\" global_colors_info=\"{}\"][et_pb_image src=\"https:\/\/www.dvpb-bayern.de\/wp-content\/uploads\/2025\/07\/1k-Sabine-Kehr.jpg\" title_text=\"1k-Sabine-Kehr\" _builder_version=\"4.27.4\" _module_preset=\"default\" hover_enabled=\"0\" global_colors_info=\"{}\" sticky_enabled=\"0\"][\/et_pb_image][\/et_pb_column][\/et_pb_row][\/et_pb_section]<\/p>","_et_gb_content_width":"","footnotes":""},"categories":[121],"tags":[],"class_list":["post-1479","post","type-post","status-publish","format-standard","has-post-thumbnail","hentry","category-kurzportraits-vorstand"],"_links":{"self":[{"href":"https:\/\/www.dvpb-bayern.de\/index.php\/wp-json\/wp\/v2\/posts\/1479","targetHints":{"allow":["GET"]}}],"collection":[{"href":"https:\/\/www.dvpb-bayern.de\/index.php\/wp-json\/wp\/v2\/posts"}],"about":[{"href":"https:\/\/www.dvpb-bayern.de\/index.php\/wp-json\/wp\/v2\/types\/post"}],"author":[{"embeddable":true,"href":"https:\/\/www.dvpb-bayern.de\/index.php\/wp-json\/wp\/v2\/users\/1"}],"replies":[{"embeddable":true,"href":"https:\/\/www.dvpb-bayern.de\/index.php\/wp-json\/wp\/v2\/comments?post=1479"}],"version-history":[{"count":5,"href":"https:\/\/www.dvpb-bayern.de\/index.php\/wp-json\/wp\/v2\/posts\/1479\/revisions"}],"predecessor-version":[{"id":1722,"href":"https:\/\/www.dvpb-bayern.de\/index.php\/wp-json\/wp\/v2\/posts\/1479\/revisions\/1722"}],"wp:featuredmedia":[{"embeddable":true,"href":"https:\/\/www.dvpb-bayern.de\/index.php\/wp-json\/wp\/v2\/media\/1482"}],"wp:attachment":[{"href":"https:\/\/www.dvpb-bayern.de\/index.php\/wp-json\/wp\/v2\/media?parent=1479"}],"wp:term":[{"taxonomy":"category","embeddable":true,"href":"https:\/\/www.dvpb-bayern.de\/index.php\/wp-json\/wp\/v2\/categories?post=1479"},{"taxonomy":"post_tag","embeddable":true,"href":"https:\/\/www.dvpb-bayern.de\/index.php\/wp-json\/wp\/v2\/tags?post=1479"}],"curies":[{"name":"wp","href":"https:\/\/api.w.org\/{rel}","templated":true}]}}