{"id":1498,"date":"2025-09-13T13:41:35","date_gmt":"2025-09-13T13:41:35","guid":{"rendered":"https:\/\/www.dvpb-bayern.de\/?p=1498"},"modified":"2025-11-20T14:02:56","modified_gmt":"2025-11-20T14:02:56","slug":"kurzportrait-dr-gabriele-griese-heindl-akadrin","status":"publish","type":"post","link":"https:\/\/www.dvpb-bayern.de\/index.php\/2025\/09\/13\/kurzportrait-dr-gabriele-griese-heindl-akadrin\/","title":{"rendered":"Kurzportrait Dr. Gabriele Griese-Heindl, AkadRin"},"content":{"rendered":"<p>[et_pb_section fb_built=&#8220;1&#8243; _builder_version=&#8220;4.16&#8243; _module_preset=&#8220;default&#8220; custom_margin=&#8220;-51px|||||&#8220; custom_padding=&#8220;32px|||||&#8220; global_colors_info=&#8220;{}&#8220;][et_pb_row _builder_version=&#8220;4.16&#8243; _module_preset=&#8220;default&#8220; global_colors_info=&#8220;{}&#8220;][et_pb_column type=&#8220;4_4&#8243; _builder_version=&#8220;4.16&#8243; _module_preset=&#8220;default&#8220; global_colors_info=&#8220;{}&#8220;][et_pb_text _builder_version=&#8220;4.27.4&#8243; _module_preset=&#8220;default&#8220; text_font=&#8220;Amiko||||||||&#8220; header_font=&#8220;||||||||&#8220; header_text_color=&#8220;#0C71C3&#8243; header_font_size=&#8220;25px&#8220; header_2_font=&#8220;Amiko||||||||&#8220; header_3_font=&#8220;Amiko||||||||&#8220; header_4_font=&#8220;Amiko||||||||&#8220; global_colors_info=&#8220;{}&#8220;]<\/p>\n<h1><strong>Kurzportrait<\/strong><\/h1>\n<p>[\/et_pb_text][\/et_pb_column][\/et_pb_row][et_pb_row column_structure=&#8220;1_2,1_2&#8243; _builder_version=&#8220;4.16&#8243; _module_preset=&#8220;default&#8220; global_colors_info=&#8220;{}&#8220;][et_pb_column type=&#8220;1_2&#8243; _builder_version=&#8220;4.16&#8243; _module_preset=&#8220;default&#8220; global_colors_info=&#8220;{}&#8220;][et_pb_text _builder_version=&#8220;4.27.4&#8243; _module_preset=&#8220;default&#8220; global_colors_info=&#8220;{}&#8220;]<\/p>\n<h2>Dr. Gabriele Griese-Heindl, AkadRin<\/h2>\n<p>&nbsp;<\/p>\n<p>Ich bin seit 2018 Mitglied im Landesverband Bayern der Deutschen Vereinigung f\u00fcr Politische Bildung und wurde im September 2024 zur Beisitzerin gew\u00e4hlt.\u00a0\u00a0<\/p>\n<p>Im Hauptberuf bin ich an der Universit\u00e4t Regensburg in der Lehrer:innenbildung t\u00e4tig. Ich lehre dort im Fachgebiet Didaktik Beruf &amp; Wirtschaft und Didaktik Politik &amp;Gesellschaft. Zudem arbeite ich bei Arbeitsgruppen des Regensburger Universit\u00e4tszentrum f\u00fcr Lehrerbildung (RUL) mit und versuche m\u00f6glichst gut auch zu anderen F\u00e4chern und Studieng\u00e4ngen vernetzt zu sein, um Synergieeffekte zu generieren. Dabei kommt mir meine berufliche Erfahrung zugute.<\/p>\n<p>Vor meiner Versetzung an die Universit\u00e4t Regensburg war ich mehr als 20 Jahre als Mittelschullehrkraft t\u00e4tig und habe nebenbei Lehrauftr\u00e4ge f\u00fcr das Fach Wirtschaft und Beruf (ehemals Arbeitslehre) an den Universit\u00e4ten in Regensburg und M\u00fcnchen \u00fcbernommen.<\/p>\n<p>In meiner Freizeit bin ich ehrenamtlich und politisch f\u00fcr Demokratiebildungs- bzw. Demokratief\u00f6rderprojekte und Menschenrechtsarbeit t\u00e4tig. Zentral ist dabei f\u00fcr mich mein Engagement gegen den gesellschaftlichen Rechtsruck.<\/p>\n<p>Als Mitglied des Redaktionsteams der FPU, dem Magazin der DVPB Bayern, m\u00f6chte ich spannende Inhalte mitgestalten und f\u00fcr Einblicke in vielf\u00e4ltige Themen- und Aufgabenbereiche der politischen Bildung sorgen.<\/p>\n<p>Die St\u00e4rkung der politischen Bildung und F\u00f6rderung der Demokratie \u00fcber den rein schulischen Kontext hinaus und die Vernetzung m\u00f6glichst vieler Akteur:innen sind mir ein Anliegen und begr\u00fcnden mein Engagement und meine Mitgliedschaft in der DVPB.<\/p>\n<p>Dank meiner praktischen Erfahrungen mit unterschiedlichen Altersgruppen kann ich Kolleg:innen besonders in fachdidaktischen bzw. methodischen Fragen unterst\u00fctzen.<\/p>\n<p>&nbsp;<\/p>\n<p>[\/et_pb_text][\/et_pb_column][et_pb_column type=&#8220;1_2&#8243; _builder_version=&#8220;4.16&#8243; _module_preset=&#8220;default&#8220; global_colors_info=&#8220;{}&#8220;][et_pb_image src=&#8220;https:\/\/www.dvpb-bayern.de\/wp-content\/uploads\/2025\/07\/1k-Avatar-weiblich.jpg&#8220; title_text=&#8220;1k-Avatar-weiblich&#8220; _builder_version=&#8220;4.27.4&#8243; _module_preset=&#8220;default&#8220; global_colors_info=&#8220;{}&#8220;][\/et_pb_image][\/et_pb_column][\/et_pb_row][\/et_pb_section]<\/p>\n","protected":false},"excerpt":{"rendered":"<p>Kurzportrait Dr. Gabriele Griese-Heindl, AkadRin &nbsp; Ich bin seit 2018 Mitglied im Landesverband Bayern der Deutschen Vereinigung f\u00fcr Politische Bildung und wurde im September 2024 zur Beisitzerin gew\u00e4hlt.\u00a0\u00a0 Im Hauptberuf bin ich an der Universit\u00e4t Regensburg in der Lehrer:innenbildung t\u00e4tig. Ich lehre dort im Fachgebiet Didaktik Beruf &amp; Wirtschaft und Didaktik Politik &amp;Gesellschaft. Zudem arbeite [&hellip;]<\/p>\n","protected":false},"author":1,"featured_media":1516,"comment_status":"open","ping_status":"closed","sticky":false,"template":"","format":"standard","meta":{"_et_pb_use_builder":"on","_et_pb_old_content":"<p>[et_pb_section fb_built=\"1\" _builder_version=\"4.16\" _module_preset=\"default\" custom_margin=\"-51px|||||\" custom_padding=\"32px|||||\" global_colors_info=\"{}\"][et_pb_row _builder_version=\"4.16\" _module_preset=\"default\" global_colors_info=\"{}\"][et_pb_column type=\"4_4\" _builder_version=\"4.16\" _module_preset=\"default\" global_colors_info=\"{}\"][et_pb_text _builder_version=\"4.27.4\" _module_preset=\"default\" text_font=\"Amiko||||||||\" header_font=\"||||||||\" header_text_color=\"#0C71C3\" header_font_size=\"25px\" header_2_font=\"Amiko||||||||\" header_3_font=\"Amiko||||||||\" header_4_font=\"Amiko||||||||\" global_colors_info=\"{}\"]<\/p><h1><strong>Kurzportrait<\/strong><\/h1><p>[\/et_pb_text][\/et_pb_column][\/et_pb_row][et_pb_row column_structure=\"1_2,1_2\" _builder_version=\"4.16\" _module_preset=\"default\" global_colors_info=\"{}\"][et_pb_column type=\"1_2\" _builder_version=\"4.16\" _module_preset=\"default\" global_colors_info=\"{}\"][et_pb_text _builder_version=\"4.27.4\" _module_preset=\"default\" global_colors_info=\"{}\"]<\/p><h2>Friedrich W\u00f6lfl, Studiendirektor a.D.<\/h2><p>\u00a0<\/p><p><strong>Beruflicher Mini-Steckbrief:<\/strong> Lehrer f\u00fcr PuG\/D\/G an einem sozialwissenschaftlichen Gymnasium in Weiden\/Opf., dort zwei Jahrzehnte stellvertretender Schulleiter; Schwerpunkt politische Bildung\/Demokratief\u00f6rderung i.w.S.; Mitglied in mehreren PuG-Lehrplankommissionen (G9\/G8\/G9) und ISB-Gremien, t\u00e4tig in der Lehrerfortildung und als PuG-Schulbuchautor<\/p><p><strong>Mitarbeit in der DVPB:<\/strong> Dass politische Bildung in Bayern eine besonders starke Interssenvertretung braucht, wurde mir schon als Referendar bewusst. Nach verschiedenen T\u00e4tigkeiten im Verband organisiere und betreue ich seit 2020 mit einem Team den j\u00e4hrlich bayernweit ausgelobten Preis f\u00fcr W-Seminarbeiten.<\/p><p><strong>Und sonst?<\/strong> Graswurzelarbeit: Schon vor der Pensionierung habe ich mich der au\u00dferschulischen und aufsuchenden politischen Bildung verschrieben. Leitfrage: Wie kann politische Bildung bei Gruppen und Milieus gelingen die von herk\u00f6mmlichen Bem\u00fchungen nicht erreicht werden? Auch deren Teilhabe und Repr\u00e4sentation sind f\u00fcr eine demokratische Gesellschaft unverzichtbar! Das m\u00fcndete bald in einer praktisch-orientierten ehrenamtlichen T\u00e4tigkeit im Rahmen eines breiten regionalen Netzwerks Inklusion: u.a. inklusive politische Bildung mit Selbsthilfegruppen, bei der Volkshochschule oder z.B. bei Auszubildenden in der Baubranche.<\/p><p><strong>Erkenntnis und Hoffnung: <\/strong>Besonders gut belehrbar sind wir Menschen scheinbar nicht\u2026 aber immerhin doch\u00a0 l e r n f \u00e4 h i g. Was das z.B. f\u00fcr die Schule hei\u00dft??? Abendf\u00fcllende Frage - gerade auch f\u00fcr uns politische Bildner.<\/p><p>[\/et_pb_text][\/et_pb_column][et_pb_column type=\"1_2\" _builder_version=\"4.16\" _module_preset=\"default\" global_colors_info=\"{}\"][et_pb_image src=\"https:\/\/www.dvpb-bayern.de\/wp-content\/uploads\/2025\/07\/1k-Woelflr.jpg\" title_text=\"1k-Woelflr\" _builder_version=\"4.27.4\" _module_preset=\"default\" global_colors_info=\"{}\"][\/et_pb_image][\/et_pb_column][\/et_pb_row][\/et_pb_section]<\/p>","_et_gb_content_width":"","footnotes":""},"categories":[121],"tags":[],"class_list":["post-1498","post","type-post","status-publish","format-standard","has-post-thumbnail","hentry","category-kurzportraits-vorstand"],"_links":{"self":[{"href":"https:\/\/www.dvpb-bayern.de\/index.php\/wp-json\/wp\/v2\/posts\/1498","targetHints":{"allow":["GET"]}}],"collection":[{"href":"https:\/\/www.dvpb-bayern.de\/index.php\/wp-json\/wp\/v2\/posts"}],"about":[{"href":"https:\/\/www.dvpb-bayern.de\/index.php\/wp-json\/wp\/v2\/types\/post"}],"author":[{"embeddable":true,"href":"https:\/\/www.dvpb-bayern.de\/index.php\/wp-json\/wp\/v2\/users\/1"}],"replies":[{"embeddable":true,"href":"https:\/\/www.dvpb-bayern.de\/index.php\/wp-json\/wp\/v2\/comments?post=1498"}],"version-history":[{"count":5,"href":"https:\/\/www.dvpb-bayern.de\/index.php\/wp-json\/wp\/v2\/posts\/1498\/revisions"}],"predecessor-version":[{"id":1521,"href":"https:\/\/www.dvpb-bayern.de\/index.php\/wp-json\/wp\/v2\/posts\/1498\/revisions\/1521"}],"wp:featuredmedia":[{"embeddable":true,"href":"https:\/\/www.dvpb-bayern.de\/index.php\/wp-json\/wp\/v2\/media\/1516"}],"wp:attachment":[{"href":"https:\/\/www.dvpb-bayern.de\/index.php\/wp-json\/wp\/v2\/media?parent=1498"}],"wp:term":[{"taxonomy":"category","embeddable":true,"href":"https:\/\/www.dvpb-bayern.de\/index.php\/wp-json\/wp\/v2\/categories?post=1498"},{"taxonomy":"post_tag","embeddable":true,"href":"https:\/\/www.dvpb-bayern.de\/index.php\/wp-json\/wp\/v2\/tags?post=1498"}],"curies":[{"name":"wp","href":"https:\/\/api.w.org\/{rel}","templated":true}]}}