{"id":1551,"date":"2025-09-09T12:11:17","date_gmt":"2025-09-09T12:11:17","guid":{"rendered":"https:\/\/www.dvpb-bayern.de\/?p=1551"},"modified":"2025-11-20T14:08:11","modified_gmt":"2025-11-20T14:08:11","slug":"kurzportrait-joerg-siegmund","status":"publish","type":"post","link":"https:\/\/www.dvpb-bayern.de\/index.php\/2025\/09\/09\/kurzportrait-joerg-siegmund\/","title":{"rendered":"Kurzportrait J\u00f6rg Siegmund"},"content":{"rendered":"<p>[et_pb_section fb_built=&#8220;1&#8243; _builder_version=&#8220;4.16&#8243; _module_preset=&#8220;default&#8220; custom_margin=&#8220;-51px|||||&#8220; custom_padding=&#8220;32px|||||&#8220; global_colors_info=&#8220;{}&#8220;][et_pb_row _builder_version=&#8220;4.16&#8243; _module_preset=&#8220;default&#8220; global_colors_info=&#8220;{}&#8220;][et_pb_column type=&#8220;4_4&#8243; _builder_version=&#8220;4.16&#8243; _module_preset=&#8220;default&#8220; global_colors_info=&#8220;{}&#8220;][et_pb_text _builder_version=&#8220;4.27.4&#8243; _module_preset=&#8220;default&#8220; text_font=&#8220;Amiko||||||||&#8220; header_font=&#8220;||||||||&#8220; header_text_color=&#8220;#0C71C3&#8243; header_font_size=&#8220;25px&#8220; header_2_font=&#8220;Amiko||||||||&#8220; header_3_font=&#8220;Amiko||||||||&#8220; header_4_font=&#8220;Amiko||||||||&#8220; global_colors_info=&#8220;{}&#8220;]<\/p>\n<h1><strong>Kurzportrait<\/strong><\/h1>\n<p>[\/et_pb_text][\/et_pb_column][\/et_pb_row][et_pb_row column_structure=&#8220;1_2,1_2&#8243; _builder_version=&#8220;4.16&#8243; _module_preset=&#8220;default&#8220; global_colors_info=&#8220;{}&#8220;][et_pb_column type=&#8220;1_2&#8243; _builder_version=&#8220;4.16&#8243; _module_preset=&#8220;default&#8220; global_colors_info=&#8220;{}&#8220;][et_pb_text _builder_version=&#8220;4.27.4&#8243; _module_preset=&#8220;default&#8220; global_colors_info=&#8220;{}&#8220;]<\/p>\n<h2>J\u00f6rg Siegmund<\/h2>\n<p>&nbsp;<\/p>\n<p>Zur politischen Bildung bin ich eher \u00fcber Umwege gekommen, aber auch diese f\u00fchren mitunter ans Ziel. Und insofern kann ich sagen: Ja, ich bin hier richtig und im besten Sinne angekommen.<\/p>\n<p>Nach dem Studium der Politikwissenschaft, Geschichte und des \u00d6ffentlichen Rechts war ich zun\u00e4chst am Geschwister-Scholl-Institut f\u00fcr Politikwissenschaft der Universit\u00e4t M\u00fcnchen sowie am dortigen Centrum f\u00fcr angewandte Politikforschung t\u00e4tig. Dabei habe ich mich unter anderem mit Fragen der Wahlforschung besch\u00e4ftigt und gemeinsam mit Kollegen der Bertelsmann Stiftung die Sustainable Governance Indicators entwickelt. Auch zur Wiedergutmachung des politischen Unrechts der DDR habe ich mehrere Jahre geforscht und publiziert. Was mich an der Universit\u00e4t aber am meisten begeistert hat, war die Lehre \u2013 und die au\u00dferuniversit\u00e4re Vermittlung politikwissenschaftlicher Erkenntnisse und der Austausch dar\u00fcber mit verschiedenen Zielgruppen.<\/p>\n<p>Meine T\u00e4tigkeit an der <a href=\"https:\/\/www.apb-tutzing.de\/\">Akademie f\u00fcr Politische Bildung<\/a> in Tutzing erm\u00f6glicht mir seit 2012, diesen Aspekt weiter zu vertiefen. Denn zu meinen Aufgaben geh\u00f6rt es, Tagungen vor allem im Bereich der Demokratie-, Parlamentarismus- und Wahlforschung zu konzipieren und zu leiten, die einerseits wissenschaftlich fundiert sind und andererseits unterschiedliche Adressaten erreichen. Neben der fachlichen Expertise setzt das die Offenheit f\u00fcr vielf\u00e4ltige didaktische Zug\u00e4nge und die Bereitschaft voraus, ein breites Netzwerk aus Wissenschaft, Politik und Gesellschaft zu kn\u00fcpfen.<\/p>\n<p>Diese Erfahrungen, dieses Netzwerk und auch meine Begeisterung f\u00fcr unsere Demokratie bringe ich gerne in die Arbeit der Deutschen Vereinigung f\u00fcr Politische Bildung ein.<\/p>\n<p>[\/et_pb_text][\/et_pb_column][et_pb_column type=&#8220;1_2&#8243; _builder_version=&#8220;4.16&#8243; _module_preset=&#8220;default&#8220; global_colors_info=&#8220;{}&#8220;][et_pb_image src=&#8220;https:\/\/www.dvpb-bayern.de\/wp-content\/uploads\/2025\/08\/Siegmund-2022-2-Portrait.jpg&#8220; title_text=&#8220;Siegmund 2022 (2) Portrait&#8220; _builder_version=&#8220;4.27.4&#8243; _module_preset=&#8220;default&#8220; global_colors_info=&#8220;{}&#8220;][\/et_pb_image][\/et_pb_column][\/et_pb_row][\/et_pb_section]<\/p>\n","protected":false},"excerpt":{"rendered":"<p>Kurzportrait J\u00f6rg Siegmund &nbsp; Zur politischen Bildung bin ich eher \u00fcber Umwege gekommen, aber auch diese f\u00fchren mitunter ans Ziel. Und insofern kann ich sagen: Ja, ich bin hier richtig und im besten Sinne angekommen. Nach dem Studium der Politikwissenschaft, Geschichte und des \u00d6ffentlichen Rechts war ich zun\u00e4chst am Geschwister-Scholl-Institut f\u00fcr Politikwissenschaft der Universit\u00e4t M\u00fcnchen [&hellip;]<\/p>\n","protected":false},"author":1,"featured_media":1552,"comment_status":"open","ping_status":"closed","sticky":false,"template":"","format":"standard","meta":{"_et_pb_use_builder":"on","_et_pb_old_content":"<p>[et_pb_section fb_built=\"1\" _builder_version=\"4.16\" _module_preset=\"default\" custom_margin=\"-51px|||||\" custom_padding=\"32px|||||\" global_colors_info=\"{}\"][et_pb_row _builder_version=\"4.16\" _module_preset=\"default\" global_colors_info=\"{}\"][et_pb_column type=\"4_4\" _builder_version=\"4.16\" _module_preset=\"default\" global_colors_info=\"{}\"][et_pb_text _builder_version=\"4.27.4\" _module_preset=\"default\" text_font=\"Amiko||||||||\" header_font=\"||||||||\" header_text_color=\"#0C71C3\" header_font_size=\"25px\" header_2_font=\"Amiko||||||||\" header_3_font=\"Amiko||||||||\" header_4_font=\"Amiko||||||||\" global_colors_info=\"{}\"]<\/p><h1><strong>Kurzportrait<\/strong><\/h1><p>[\/et_pb_text][\/et_pb_column][\/et_pb_row][et_pb_row column_structure=\"1_2,1_2\" _builder_version=\"4.16\" _module_preset=\"default\" global_colors_info=\"{}\"][et_pb_column type=\"1_2\" _builder_version=\"4.16\" _module_preset=\"default\" global_colors_info=\"{}\"][et_pb_text _builder_version=\"4.27.4\" _module_preset=\"default\" global_colors_info=\"{}\"]<\/p><h2>Dipl.Jur., Dipl.Pol. Birgit Boeser<br \/>Leiterin der Europ\u00e4ischen Akademie Bayern e.V.;<\/h2><h2>Vorsitzende der Gesellschaft der Europ\u00e4ischen Akademien<\/h2><p>\u00a0<\/p><ul><li>- seit 2003 bei der Akademie.<\/li><li>- hat Politikwissenschaften\u00a0an der Hochschule f\u00fcr Politik\u00a0und Jura an der Ludwig-Maximilian-Universit\u00e4t M\u00fcnchen studiert.<\/li><li>- Expertin f\u00fcr Beziehungen Russland-EU, den Brexit und die Ukraine.<\/li><li>- Moderation<\/li><li>- Vorsitzende der\u00a0<a href=\"https:\/\/deref-gmx.net\/mail\/client\/j4wY8ORN9-g\/dereferrer\/?redirectUrl=https%3A%2F%2Fwww.gesellschaft-der-europaeischen-akademien.de%2F\">Gesellschaft der Europ\u00e4ischen Akademien und Europah\u00e4user (GEEA)<\/a><\/li><li>- Mitglied im Rednerdienst TEAM EUROPE der Europ\u00e4ischen Kommission<\/li><li>- betreut bei der Akademie Planung und Realisierung des Gesamtprogramms, Mitarbeit in Verb\u00e4nden sowie Netzwerkarbeit, Konzeption neuer Seminartypen und Veranstaltungsformate, Erstellen von wissenschaftlichen Artikeln, Publikationen und redaktionelle Arbeit.<\/li><\/ul><p>[\/et_pb_text][\/et_pb_column][et_pb_column type=\"1_2\" _builder_version=\"4.16\" _module_preset=\"default\" global_colors_info=\"{}\"][et_pb_image src=\"https:\/\/www.dvpb-bayern.de\/wp-content\/uploads\/2025\/08\/Bild-Birgit-Boeser.jpg\" title_text=\"Bild Birgit Boeser\" _builder_version=\"4.27.4\" _module_preset=\"default\" global_colors_info=\"{}\"][\/et_pb_image][\/et_pb_column][\/et_pb_row][\/et_pb_section]<\/p>","_et_gb_content_width":"","footnotes":""},"categories":[121],"tags":[],"class_list":["post-1551","post","type-post","status-publish","format-standard","has-post-thumbnail","hentry","category-kurzportraits-vorstand"],"_links":{"self":[{"href":"https:\/\/www.dvpb-bayern.de\/index.php\/wp-json\/wp\/v2\/posts\/1551","targetHints":{"allow":["GET"]}}],"collection":[{"href":"https:\/\/www.dvpb-bayern.de\/index.php\/wp-json\/wp\/v2\/posts"}],"about":[{"href":"https:\/\/www.dvpb-bayern.de\/index.php\/wp-json\/wp\/v2\/types\/post"}],"author":[{"embeddable":true,"href":"https:\/\/www.dvpb-bayern.de\/index.php\/wp-json\/wp\/v2\/users\/1"}],"replies":[{"embeddable":true,"href":"https:\/\/www.dvpb-bayern.de\/index.php\/wp-json\/wp\/v2\/comments?post=1551"}],"version-history":[{"count":6,"href":"https:\/\/www.dvpb-bayern.de\/index.php\/wp-json\/wp\/v2\/posts\/1551\/revisions"}],"predecessor-version":[{"id":1724,"href":"https:\/\/www.dvpb-bayern.de\/index.php\/wp-json\/wp\/v2\/posts\/1551\/revisions\/1724"}],"wp:featuredmedia":[{"embeddable":true,"href":"https:\/\/www.dvpb-bayern.de\/index.php\/wp-json\/wp\/v2\/media\/1552"}],"wp:attachment":[{"href":"https:\/\/www.dvpb-bayern.de\/index.php\/wp-json\/wp\/v2\/media?parent=1551"}],"wp:term":[{"taxonomy":"category","embeddable":true,"href":"https:\/\/www.dvpb-bayern.de\/index.php\/wp-json\/wp\/v2\/categories?post=1551"},{"taxonomy":"post_tag","embeddable":true,"href":"https:\/\/www.dvpb-bayern.de\/index.php\/wp-json\/wp\/v2\/tags?post=1551"}],"curies":[{"name":"wp","href":"https:\/\/api.w.org\/{rel}","templated":true}]}}