{"id":1629,"date":"2025-09-25T13:06:55","date_gmt":"2025-09-25T13:06:55","guid":{"rendered":"https:\/\/www.dvpb-bayern.de\/?p=1629"},"modified":"2025-09-25T13:07:00","modified_gmt":"2025-09-25T13:07:00","slug":"jahrestagung-2025-vom-19-09-2025-bis-20-09-2025-im-caritas-pirckheimer-haus-in-nuernberg","status":"publish","type":"post","link":"https:\/\/www.dvpb-bayern.de\/index.php\/2025\/09\/25\/jahrestagung-2025-vom-19-09-2025-bis-20-09-2025-im-caritas-pirckheimer-haus-in-nuernberg\/","title":{"rendered":"Jahrestagung 2025 vom 19.09.2025 bis 20.09.2025 im Caritas-Pirckheimer-Haus in N\u00fcrnberg"},"content":{"rendered":"<p>[et_pb_section fb_built=&#8220;1&#8243; admin_label=&#8220;section&#8220; _builder_version=&#8220;4.16&#8243; custom_padding=&#8220;10px||8px|||&#8220; global_colors_info=&#8220;{}&#8220;][et_pb_row column_structure=&#8220;2_5,3_5&#8243; admin_label=&#8220;row&#8220; _builder_version=&#8220;4.27.4&#8243; background_size=&#8220;initial&#8220; background_position=&#8220;top_left&#8220; background_repeat=&#8220;repeat&#8220; custom_padding=&#8220;||9px|||&#8220; global_colors_info=&#8220;{}&#8220;][et_pb_column type=&#8220;2_5&#8243; _builder_version=&#8220;4.16&#8243; custom_padding=&#8220;|||&#8220; global_colors_info=&#8220;{}&#8220; custom_padding__hover=&#8220;|||&#8220;][et_pb_image src=&#8220;https:\/\/www.dvpb-bayern.de\/wp-content\/uploads\/2025\/09\/DVPB_Gruppenfoto_2_38-3-25.jpg&#8220; title_text=&#8220;DVPB_Gruppenfoto_2_38-3-25&#8243; _builder_version=&#8220;4.27.4&#8243; _module_preset=&#8220;default&#8220; global_colors_info=&#8220;{}&#8220;][\/et_pb_image][et_pb_image src=&#8220;https:\/\/www.dvpb-bayern.de\/wp-content\/uploads\/2025\/03\/Unbenannt.png&#8220; title_text=&#8220;Unbenannt&#8220; _builder_version=&#8220;4.27.4&#8243; _module_preset=&#8220;default&#8220; global_colors_info=&#8220;{}&#8220;][\/et_pb_image][et_pb_image src=&#8220;https:\/\/www.dvpb-bayern.de\/wp-content\/uploads\/2025\/03\/Bildschirmfoto-2025-03-31-um-12.23.40.png&#8220; title_text=&#8220;Bildschirmfoto 2025-03-31 um 12.23.40&#8243; _builder_version=&#8220;4.27.4&#8243; _module_preset=&#8220;default&#8220; global_colors_info=&#8220;{}&#8220;][\/et_pb_image][\/et_pb_column][et_pb_column type=&#8220;3_5&#8243; _builder_version=&#8220;4.16&#8243; custom_padding=&#8220;|||&#8220; global_colors_info=&#8220;{}&#8220; custom_padding__hover=&#8220;|||&#8220;][et_pb_text admin_label=&#8220;Text&#8220; _builder_version=&#8220;4.27.4&#8243; background_size=&#8220;initial&#8220; background_position=&#8220;top_left&#8220; background_repeat=&#8220;repeat&#8220; global_colors_info=&#8220;{}&#8220;]<\/p>\n<p><strong>Jahrestagung 2025<\/strong><\/p>\n<p class=\"p1\">Menschenrechte als Fundament des Zusammenlebens &#8211; Perspektiven fu\u0308r Bildung und Gesellschaft<\/p>\n<p class=\"p1\">Einen wunderbaren Rahmen fu\u0308r die Jahrestagung bot das Caritas-Pirckheimer-Haus im Herzen von Nu\u0308rnberg, der Stadt der Menschenrechte. Stefan Rappenglu\u0308ck, Vorsitzender der DVPB<\/p>\n<p class=\"p1\">LV Bayern und die Vertreter der Kooperationspartner, Gero Kellermann von der Akademie fu\u0308r Politische Bildung Tutzing sowie Birgit Boeser von der Europ\u00e4ischen Akademie Bayern, begru\u0308\u00dften die Teilnehmer der ausgebuchten Tagung.<\/p>\n<p class=\"p1\">Herzlichen Dank an Akademiedirektor Dr. Siegfried Grillmeyer, der den Tagungstermin im CPH erm\u00f6glicht hat, und an Mathias F\u00f6rster, der stellvertretend die Begru\u0308.ung u\u0308bernommen hat. Heiner Bielefeld, Seniorprofessor und Inhaber des Lehrstuhls fu\u0308r Menschenrechte und Menschenrechtspolitik der FAU Erlangen-Nu\u0308rnberg, hielt einen fulminanten Einfu\u0308hrungsvortrag zur Bedeutung der Menschenrechte. Armin Scherb, den Tagungsteilnehmern wohlbekannt als fru\u0308herer Vorsitzender unseres Landesverbands und fru\u0308heres Mitglied des DVPBBundesvorstands, holte das Thema von der globalen Ebene in die Heimat zuru\u0308ck: Von Nu\u0308rnberg, Stadt der Reichsparteitage, u\u0308ber Arberg, Ort der Rettung von Charlotte Knobloch u\u0308ber den Hesselberg, dem Ort der &#8222;Frankentage&#8220; von Julius Streicher, bis zu den aktuellen, u\u0308berdurchschnittlich hohen AFD-Wahlergebnissen in dieser Region spannte er den Bogen im Sinne seines Konzepts zur Regionalisierung der Menschenrechtsbildung. Am zweiten Tag ging es um Menschenrechte in Europa (Birgit Boeser, Vanessa Hoge und Ralf Knobloch von der Europ\u00e4ischen Akademie Bayern), Menschenrechtsbildung (Sandra Reitz); vier Workshops gaben Einblicke in die Praxis der Menschenrechtsbildung in der Akademie CPH; die abschlie\u00dfende Podiumsdiskussion fragte nach Instrumenten und Strategien zum Schutz der Menschenrechte.<\/p>\n<p class=\"p1\">Alle hochinteressanten und facettenreichen Beitr\u00e4ge werden in der n\u00e4chsten FPU dokumentiert.<\/p>\n<p>[\/et_pb_text][\/et_pb_column][\/et_pb_row][et_pb_row column_structure=&#8220;1_3,1_3,1_3&#8243; _builder_version=&#8220;4.27.4&#8243; _module_preset=&#8220;default&#8220; custom_padding=&#8220;||42px|||&#8220; animation_style=&#8220;slide&#8220; global_colors_info=&#8220;{}&#8220;][et_pb_column type=&#8220;1_3&#8243; _builder_version=&#8220;4.27.4&#8243; _module_preset=&#8220;default&#8220; global_colors_info=&#8220;{}&#8220;][et_pb_image src=&#8220;https:\/\/www.dvpb-bayern.de\/wp-content\/uploads\/2025\/09\/WhatsApp-Image-2025-09-24-at-16.17.31.jpeg&#8220; title_text=&#8220;WhatsApp Image 2025-09-24 at 16.17.31&#8243; show_in_lightbox=&#8220;on&#8220; _builder_version=&#8220;4.27.4&#8243; _module_preset=&#8220;default&#8220; global_colors_info=&#8220;{}&#8220;][\/et_pb_image][et_pb_text _builder_version=&#8220;4.27.4&#8243; _module_preset=&#8220;default&#8220; global_colors_info=&#8220;{}&#8220;]<\/p>\n<p>Gru\u00dfwort Anna Stolz MdL, Bayerische Staatsministerin f\u00fcr Unterricht und Kultus<\/p>\n<p>[\/et_pb_text][\/et_pb_column][et_pb_column type=&#8220;1_3&#8243; _builder_version=&#8220;4.27.4&#8243; _module_preset=&#8220;default&#8220; global_colors_info=&#8220;{}&#8220;][et_pb_image src=&#8220;https:\/\/www.dvpb-bayern.de\/wp-content\/uploads\/2025\/09\/WhatsApp-Image-2025-09-24-at-16.13.38.jpeg&#8220; title_text=&#8220;WhatsApp Image 2025-09-24 at 16.13.38&#8243; show_in_lightbox=&#8220;on&#8220; _builder_version=&#8220;4.27.4&#8243; _module_preset=&#8220;default&#8220; global_colors_info=&#8220;{}&#8220;][\/et_pb_image][et_pb_text _builder_version=&#8220;4.27.4&#8243; _module_preset=&#8220;default&#8220; global_colors_info=&#8220;{}&#8220;]<\/p>\n<p>Prof. Dr.Dr. h.c. Heiner Bielefeld<\/p>\n<p>[\/et_pb_text][\/et_pb_column][et_pb_column type=&#8220;1_3&#8243; _builder_version=&#8220;4.27.4&#8243; _module_preset=&#8220;default&#8220; global_colors_info=&#8220;{}&#8220;][et_pb_image src=&#8220;https:\/\/www.dvpb-bayern.de\/wp-content\/uploads\/2025\/09\/WhatsApp-Image-2025-09-24-at-16.11.21.jpeg&#8220; title_text=&#8220;WhatsApp Image 2025-09-24 at 16.11.21&#8243; show_in_lightbox=&#8220;on&#8220; _builder_version=&#8220;4.27.4&#8243; _module_preset=&#8220;default&#8220; global_colors_info=&#8220;{}&#8220;][\/et_pb_image][et_pb_text _builder_version=&#8220;4.27.4&#8243; _module_preset=&#8220;default&#8220; global_colors_info=&#8220;{}&#8220;]<\/p>\n<p>Prof. i.R. Dr.habil Armin Scherb<\/p>\n<p>[\/et_pb_text][\/et_pb_column][\/et_pb_row][et_pb_row column_structure=&#8220;1_3,1_3,1_3&#8243; _builder_version=&#8220;4.27.4&#8243; _module_preset=&#8220;default&#8220; animation_style=&#8220;slide&#8220; global_colors_info=&#8220;{}&#8220;][et_pb_column type=&#8220;1_3&#8243; _builder_version=&#8220;4.27.4&#8243; _module_preset=&#8220;default&#8220; global_colors_info=&#8220;{}&#8220;][et_pb_image src=&#8220;https:\/\/www.dvpb-bayern.de\/wp-content\/uploads\/2025\/09\/WhatsApp-Image-2025-09-24-at-16.24.19.jpeg&#8220; title_text=&#8220;WhatsApp Image 2025-09-24 at 16.24.19&#8243; show_in_lightbox=&#8220;on&#8220; _builder_version=&#8220;4.27.4&#8243; _module_preset=&#8220;default&#8220; global_colors_info=&#8220;{}&#8220;][\/et_pb_image][et_pb_text _builder_version=&#8220;4.27.4&#8243; _module_preset=&#8220;default&#8220; global_colors_info=&#8220;{}&#8220;]<\/p>\n<p>Dr. Gero Kellermann<\/p>\n<p>[\/et_pb_text][\/et_pb_column][et_pb_column type=&#8220;1_3&#8243; _builder_version=&#8220;4.27.4&#8243; _module_preset=&#8220;default&#8220; global_colors_info=&#8220;{}&#8220;][et_pb_image src=&#8220;https:\/\/www.dvpb-bayern.de\/wp-content\/uploads\/2025\/09\/WhatsApp-Image-2025-09-24-at-16.22.48.jpeg&#8220; title_text=&#8220;WhatsApp Image 2025-09-24 at 16.22.48&#8243; show_in_lightbox=&#8220;on&#8220; _builder_version=&#8220;4.27.4&#8243; _module_preset=&#8220;default&#8220; global_colors_info=&#8220;{}&#8220;][\/et_pb_image][et_pb_text _builder_version=&#8220;4.27.4&#8243; _module_preset=&#8220;default&#8220; global_colors_info=&#8220;{}&#8220;]<\/p>\n<p>Prof. Dr. Stefan Rappengl\u00fcck<\/p>\n<p>[\/et_pb_text][\/et_pb_column][et_pb_column type=&#8220;1_3&#8243; _builder_version=&#8220;4.27.4&#8243; _module_preset=&#8220;default&#8220; global_colors_info=&#8220;{}&#8220;][et_pb_image src=&#8220;https:\/\/www.dvpb-bayern.de\/wp-content\/uploads\/2025\/09\/WhatsApp-Image-2025-09-24-at-16.19.38.jpeg&#8220; title_text=&#8220;WhatsApp Image 2025-09-24 at 16.19.38&#8243; show_in_lightbox=&#8220;on&#8220; _builder_version=&#8220;4.27.4&#8243; _module_preset=&#8220;default&#8220; global_colors_info=&#8220;{}&#8220;][\/et_pb_image][et_pb_text _builder_version=&#8220;4.27.4&#8243; _module_preset=&#8220;default&#8220; global_colors_info=&#8220;{}&#8220;]<\/p>\n<p>Dipl. jur. Dipl. Pol. Birgit Boeser<\/p>\n<p>[\/et_pb_text][\/et_pb_column][\/et_pb_row][\/et_pb_section][et_pb_section fb_built=&#8220;1&#8243; _builder_version=&#8220;4.27.4&#8243; _module_preset=&#8220;default&#8220; global_colors_info=&#8220;{}&#8220;][et_pb_row column_structure=&#8220;1_2,1_2&#8243; _builder_version=&#8220;4.27.4&#8243; _module_preset=&#8220;default&#8220; custom_padding=&#8220;||45px|||&#8220; global_colors_info=&#8220;{}&#8220;][et_pb_column type=&#8220;1_2&#8243; _builder_version=&#8220;4.27.4&#8243; _module_preset=&#8220;default&#8220; global_colors_info=&#8220;{}&#8220;][et_pb_image src=&#8220;https:\/\/www.dvpb-bayern.de\/wp-content\/uploads\/2025\/09\/Screenshot-Jahrestagung-2025.png&#8220; title_text=&#8220;Screenshot-Jahrestagung-2025&#8243; url=&#8220;https:\/\/www.dvpb-bayern.de\/wp-content\/uploads\/2025\/09\/Programm_Menschenrechte.pdf&#8220; url_new_window=&#8220;on&#8220; _builder_version=&#8220;4.27.4&#8243; _module_preset=&#8220;default&#8220; global_colors_info=&#8220;{}&#8220;][\/et_pb_image][\/et_pb_column][et_pb_column type=&#8220;1_2&#8243; _builder_version=&#8220;4.27.4&#8243; _module_preset=&#8220;default&#8220; global_colors_info=&#8220;{}&#8220;][et_pb_text _builder_version=&#8220;4.27.4&#8243; _module_preset=&#8220;default&#8220; global_colors_info=&#8220;{}&#8220;]Hier k\u00f6nnen sie den aktuellen Flyer als PDF ansehen und herunterladen:<br \/>\n[\/et_pb_text][et_pb_button button_url=&#8220;https:\/\/www.dvpb-bayern.de\/wp-content\/uploads\/2025\/09\/Programm_Menschenrechte.pdf&#8220; url_new_window=&#8220;on&#8220; button_text=&#8220;Flyer zur Jahrestagung 2025&#8243; _builder_version=&#8220;4.27.4&#8243; _module_preset=&#8220;default&#8220; global_colors_info=&#8220;{}&#8220;][\/et_pb_button][\/et_pb_column][\/et_pb_row][\/et_pb_section]<\/p>\n","protected":false},"excerpt":{"rendered":"<p>Menschenrechte als Fundament des Zusammenlebens \u2013 Perspektiven fu\u0308r Bildung und Gesellschaft<\/p>\n","protected":false},"author":1,"featured_media":1637,"comment_status":"closed","ping_status":"closed","sticky":false,"template":"","format":"standard","meta":{"_et_pb_use_builder":"on","_et_pb_old_content":"<p>[et_pb_section fb_built=\"1\" admin_label=\"section\" _builder_version=\"4.16\" custom_padding=\"10px||8px|||\" global_colors_info=\"{}\"][et_pb_row column_structure=\"2_5,3_5\" admin_label=\"row\" _builder_version=\"4.27.4\" background_size=\"initial\" background_position=\"top_left\" background_repeat=\"repeat\" custom_padding=\"||9px|||\" global_colors_info=\"{}\"][et_pb_column type=\"2_5\" _builder_version=\"4.16\" custom_padding=\"|||\" global_colors_info=\"{}\" custom_padding__hover=\"|||\"][et_pb_image src=\"https:\/\/www.dvpb-bayern.de\/wp-content\/uploads\/2025\/03\/Unbenannt.png\" title_text=\"Unbenannt\" _builder_version=\"4.27.4\" _module_preset=\"default\" global_colors_info=\"{}\"][\/et_pb_image][et_pb_image src=\"https:\/\/www.dvpb-bayern.de\/wp-content\/uploads\/2025\/03\/Bildschirmfoto-2025-03-31-um-12.23.40.png\" title_text=\"Bildschirmfoto 2025-03-31 um 12.23.40\" _builder_version=\"4.27.4\" _module_preset=\"default\" global_colors_info=\"{}\"][\/et_pb_image][\/et_pb_column][et_pb_column type=\"3_5\" _builder_version=\"4.16\" custom_padding=\"|||\" global_colors_info=\"{}\" custom_padding__hover=\"|||\"][et_pb_text admin_label=\"Text\" _builder_version=\"4.27.4\" background_size=\"initial\" background_position=\"top_left\" background_repeat=\"repeat\" global_colors_info=\"{}\"]<\/p><p><strong>Jahrestagung 2025<\/strong><\/p><p>Die Vorbereitungen zur Jahrestagung laufen. Sie findet vom <strong>19.09.2025 bis 20.09.2025 im Caritas-Pirckheimer-Haus <\/strong>in N\u00fcrnberg statt.<\/p><p>Unter dem vorl\u00e4ufigen Arbeitstitel Menschenrechtsbildung werden wir uns am Freitag grunds\u00e4tzlich mit Grundlagen und Entwicklungen von Menschenrechten besch\u00e4ftigen. Am Samstag steht die praktische Menschenrechtsbildung, schulisch und au\u00dferschulisch, mit einem europ\u00e4ischen Blick im Fokus. <strong>Am Freitag, 19.09.2025 findet die Mitgliederversammlung 2025 statt. <\/strong><\/p><p>[\/et_pb_text][\/et_pb_column][\/et_pb_row][\/et_pb_section][et_pb_section fb_built=\"1\" _builder_version=\"4.27.4\" _module_preset=\"default\" global_colors_info=\"{}\"][et_pb_row column_structure=\"1_2,1_2\" _builder_version=\"4.27.4\" _module_preset=\"default\" custom_padding=\"||45px|||\" global_colors_info=\"{}\"][et_pb_column type=\"1_2\" _builder_version=\"4.27.4\" _module_preset=\"default\" global_colors_info=\"{}\"][et_pb_image src=\"https:\/\/www.dvpb-bayern.de\/wp-content\/uploads\/2025\/09\/Screenshot-Jahrestagung-2025.png\" title_text=\"Screenshot-Jahrestagung-2025\" url=\"https:\/\/www.dvpb-bayern.de\/wp-content\/uploads\/2025\/09\/Programm_Menschenrechte.pdf\" url_new_window=\"on\" _builder_version=\"4.27.4\" _module_preset=\"default\" global_colors_info=\"{}\"][\/et_pb_image][\/et_pb_column][et_pb_column type=\"1_2\" _builder_version=\"4.27.4\" _module_preset=\"default\" global_colors_info=\"{}\"][et_pb_text _builder_version=\"4.27.4\" _module_preset=\"default\" global_colors_info=\"{}\"]<\/p><p>Hier k\u00f6nnen sie den aktuellen Flyer als PDF ansehen und herunterladen:<\/p><p>[\/et_pb_text][et_pb_button button_url=\"https:\/\/www.dvpb-bayern.de\/wp-content\/uploads\/2025\/09\/Programm_Menschenrechte.pdf\" url_new_window=\"on\" button_text=\"Flyer zur Jahrestagung 2025\" _builder_version=\"4.27.4\" _module_preset=\"default\" global_colors_info=\"{}\"][\/et_pb_button][\/et_pb_column][\/et_pb_row][\/et_pb_section]<\/p>","_et_gb_content_width":"","footnotes":""},"categories":[52,122],"tags":[110,95,112,97,111,74],"class_list":["post-1629","post","type-post","status-publish","format-standard","has-post-thumbnail","hentry","category-aktuelles","category-jahrestagung","tag-abitur","tag-abiturpreis","tag-gesellschaft","tag-landtag","tag-politik","tag-schule"],"_links":{"self":[{"href":"https:\/\/www.dvpb-bayern.de\/index.php\/wp-json\/wp\/v2\/posts\/1629","targetHints":{"allow":["GET"]}}],"collection":[{"href":"https:\/\/www.dvpb-bayern.de\/index.php\/wp-json\/wp\/v2\/posts"}],"about":[{"href":"https:\/\/www.dvpb-bayern.de\/index.php\/wp-json\/wp\/v2\/types\/post"}],"author":[{"embeddable":true,"href":"https:\/\/www.dvpb-bayern.de\/index.php\/wp-json\/wp\/v2\/users\/1"}],"replies":[{"embeddable":true,"href":"https:\/\/www.dvpb-bayern.de\/index.php\/wp-json\/wp\/v2\/comments?post=1629"}],"version-history":[{"count":7,"href":"https:\/\/www.dvpb-bayern.de\/index.php\/wp-json\/wp\/v2\/posts\/1629\/revisions"}],"predecessor-version":[{"id":1646,"href":"https:\/\/www.dvpb-bayern.de\/index.php\/wp-json\/wp\/v2\/posts\/1629\/revisions\/1646"}],"wp:featuredmedia":[{"embeddable":true,"href":"https:\/\/www.dvpb-bayern.de\/index.php\/wp-json\/wp\/v2\/media\/1637"}],"wp:attachment":[{"href":"https:\/\/www.dvpb-bayern.de\/index.php\/wp-json\/wp\/v2\/media?parent=1629"}],"wp:term":[{"taxonomy":"category","embeddable":true,"href":"https:\/\/www.dvpb-bayern.de\/index.php\/wp-json\/wp\/v2\/categories?post=1629"},{"taxonomy":"post_tag","embeddable":true,"href":"https:\/\/www.dvpb-bayern.de\/index.php\/wp-json\/wp\/v2\/tags?post=1629"}],"curies":[{"name":"wp","href":"https:\/\/api.w.org\/{rel}","templated":true}]}}