{"id":1792,"date":"2026-03-11T16:16:40","date_gmt":"2026-03-11T16:16:40","guid":{"rendered":"https:\/\/www.dvpb-bayern.de\/?p=1792"},"modified":"2026-03-11T16:16:45","modified_gmt":"2026-03-11T16:16:45","slug":"verpflichtendes-absingen-der-nationalhymne-bei-abschlussfeiern-an-schulen","status":"publish","type":"post","link":"https:\/\/www.dvpb-bayern.de\/index.php\/2026\/03\/11\/verpflichtendes-absingen-der-nationalhymne-bei-abschlussfeiern-an-schulen\/","title":{"rendered":"Verpflichtendes Absingen der Nationalhymne bei Abschlussfeiern an Schulen?"},"content":{"rendered":"<p>[et_pb_section fb_built=&#8220;1&#8243; admin_label=&#8220;section&#8220; _builder_version=&#8220;4.16&#8243; custom_padding=&#8220;10px||8px|||&#8220; global_colors_info=&#8220;{}&#8220;][et_pb_row column_structure=&#8220;1_3,2_3&#8243; admin_label=&#8220;row&#8220; _builder_version=&#8220;4.27.4&#8243; background_size=&#8220;initial&#8220; background_position=&#8220;top_left&#8220; background_repeat=&#8220;repeat&#8220; custom_padding=&#8220;||9px|||&#8220; global_colors_info=&#8220;{}&#8220;][et_pb_column type=&#8220;1_3&#8243; _builder_version=&#8220;4.16&#8243; custom_padding=&#8220;|||&#8220; global_colors_info=&#8220;{}&#8220; custom_padding__hover=&#8220;|||&#8220;][et_pb_image src=&#8220;https:\/\/www.dvpb-bayern.de\/wp-content\/uploads\/2026\/03\/SWR-Podcast-zur-deutschen-Nationalhymne.jpg&#8220; title_text=&#8220;SWR-Podcast zur deutschen Nationalhymne&#8220; url=&#8220;https:\/\/www.swr.de\/swrkultur\/wissen\/die-deutsche-nationalhymne-missbraucht-verpoent-geliebt-104.html&#8220; url_new_window=&#8220;on&#8220; _builder_version=&#8220;4.27.4&#8243; _module_preset=&#8220;default&#8220; global_colors_info=&#8220;{}&#8220;][\/et_pb_image][\/et_pb_column][et_pb_column type=&#8220;2_3&#8243; _builder_version=&#8220;4.16&#8243; custom_padding=&#8220;|||&#8220; global_colors_info=&#8220;{}&#8220; custom_padding__hover=&#8220;|||&#8220;][et_pb_text admin_label=&#8220;Text&#8220; _builder_version=&#8220;4.27.4&#8243; background_size=&#8220;initial&#8220; background_position=&#8220;top_left&#8220; background_repeat=&#8220;repeat&#8220; global_colors_info=&#8220;{}&#8220;]<\/p>\n<p>Podcast:<br \/><a href=\"https:\/\/www.swr.de\/swrkultur\/wissen\/die-deutsche-nationalhymne-missbraucht-verpoent-geliebt-104.html\">https:\/\/www.swr.de\/swrkultur\/wissen\/die-deutsche-nationalhymne-missbraucht-verpoent-geliebt-104.html<\/a><\/p>\n<p>[\/et_pb_text][et_pb_text admin_label=&#8220;Text&#8220; _builder_version=&#8220;4.27.4&#8243; background_size=&#8220;initial&#8220; background_position=&#8220;top_left&#8220; background_repeat=&#8220;repeat&#8220; global_colors_info=&#8220;{}&#8220;]<\/p>\n<div><span>Wie die Lehrerverb\u00e4nde steht auch die DVPB dem Vorschlag der CSU, bei Schulveranstaltungen <strong>verpflichtend <\/strong>Hymnen\u00a0 abzusingen, eher skeptisch gegen\u00fcber; konkret fordert der mit einem Parteitagsbeschluss unterf\u00fctterte Antrag der CSU, dass bei der Verleihung von Schul- und Berufsabschl\u00fcssen k\u00fcnftig die deutsche Nationalhymne und die Europahymne erklingen sollen und in Bayern zus\u00e4tzlich die Bayernhymne. Die DVPB nimmt in einem Schreiben an Frau Staatsministerin Anna Stolz wie folgt Stellung:\u00a0<\/span><\/div>\n<div><span><em>&#8222;Als DVPB-Bayern begr\u00fc\u00dfen wir das Ziel der St\u00e4rkung des gesellschaftlichen Zusammenhalts. Ma\u00dfnahmen, die aber als Symbolpolitik daherkommen, so wie der Vorschlag bei Zeugnisvergaben die Nationalhymne, das Bayernlied oder\/und die Europahymne &#8222;von oben herab&#8220; verpflichtend zu singen, taugen aus unserer Sicht nicht dieses Ziel zu erreichen.<\/em><br \/><em>Wichtiger und nachhaltiger gedacht sind Ma\u00dfnahmen der politischen Bildung, die eine Identit\u00e4tsstiftung im Sinne demokratischer \u00dcberzeugung und Wertorientierung f\u00f6rdern. Dazu geh\u00f6rt als ein Baustein von vielen die Reflexion der Hymnen, deren Texte und Melodien in unterschiedlichen Jahrgangsstufen in den Lehrpl\u00e4nen verankert sind. Dar\u00fcber hinaus geh\u00f6rt dazu die bewusste und freiwillige Entscheidung sie bei feierlichen Ereignissen zu singen, so wie dies auch bisher schon der Fall an vielen Schulen ist.&#8220;<\/em><\/span><\/div>\n<p>[\/et_pb_text][et_pb_text _builder_version=&#8220;4.27.4&#8243; _module_preset=&#8220;default&#8220; global_colors_info=&#8220;{}&#8220;]<\/p>\n<p><strong><a href=\"https:\/\/www.dvpb-bayern.de\/wp-content\/uploads\/2026\/03\/PM-DVPB.pdf\" target=\"_blank\" rel=\"noopener\">Link zu unserem Anschreiben als PDF<\/a><\/strong><\/p>\n<p>[\/et_pb_text][\/et_pb_column][\/et_pb_row][\/et_pb_section]<\/p>\n","protected":false},"excerpt":{"rendered":"<p>Wie die Lehrerverb\u00e4nde steht auch die DVPB dem Vorschlag der CSU, bei Schulveranstaltungen verpflichtend Hymnen\u00a0 abzusingen, eher skeptisch gegen\u00fcber&#8230;<\/p>\n","protected":false},"author":1,"featured_media":1793,"comment_status":"closed","ping_status":"closed","sticky":false,"template":"","format":"standard","meta":{"_et_pb_use_builder":"on","_et_pb_old_content":"<p>[et_pb_section fb_built=\"1\" admin_label=\"section\" _builder_version=\"4.16\" custom_padding=\"10px||8px|||\" global_colors_info=\"{}\"][et_pb_row column_structure=\"1_4,3_4\" admin_label=\"row\" _builder_version=\"4.27.4\" background_size=\"initial\" background_position=\"top_left\" background_repeat=\"repeat\" custom_padding=\"||9px|||\" global_colors_info=\"{}\"][et_pb_column type=\"1_4\" _builder_version=\"4.16\" custom_padding=\"|||\" global_colors_info=\"{}\" custom_padding__hover=\"|||\"][et_pb_image src=\"https:\/\/www.dvpb-bayern.de\/wp-content\/uploads\/2026\/02\/Bildschirmfoto-2026-02-25-um-16.41.54.png\" title_text=\"Bildschirmfoto 2026-02-25 um 16.41.54\" url=\"https:\/\/www.dvpb-bayern.de\/wp-content\/uploads\/2026\/02\/Stellungnahme_Gutachten-Lehrkraeftebildung_LV-Bayern-DVPB_FINAL.pdf\" url_new_window=\"on\" _builder_version=\"4.27.4\" _module_preset=\"default\" global_colors_info=\"{}\"][\/et_pb_image][et_pb_image src=\"https:\/\/www.dvpb-bayern.de\/wp-content\/uploads\/2026\/03\/Bildschirmfoto-2026-03-11-um-17.00.15.png\" title_text=\"Stellungnahme-neu-Vorschaubild\" url=\"https:\/\/www.dvpb-bayern.de\/wp-content\/uploads\/2026\/03\/Antwortschreiben-Bayerisches-Staatsministerium-fuer-Wissenschaft-und-Kunst_DVPB-Stellungnahme-zum-Gutachten.Lehrkraeftebildung.pdf\" _builder_version=\"4.27.4\" _module_preset=\"default\" global_colors_info=\"{}\"][\/et_pb_image][\/et_pb_column][et_pb_column type=\"3_4\" _builder_version=\"4.16\" custom_padding=\"|||\" global_colors_info=\"{}\" custom_padding__hover=\"|||\"][et_pb_text admin_label=\"Text\" _builder_version=\"4.27.4\" background_size=\"initial\" background_position=\"top_left\" background_repeat=\"repeat\" global_colors_info=\"{}\"]<\/p><div><br \/>Eine prominent und hochrangig besetzte Expertenkommission hat im vergangenen Jahr ein umfangreiches Gutachten zur Lehrkr\u00e4ftebildung in Bayern erstellt. Aus unserer Sicht ist es au\u00dferordentlich bedeutsam, bei der Ausbildung aller Lehrkr\u00e4fte den Bereich die Politische Bildung zu st\u00e4rken und den Erwerb von Kompetenzen f\u00fcr die Demokratieerziehung <strong>verbindlich<\/strong> in der Lehrkr\u00e4ftbildung zu verankern. Daher haben wir eine ausf\u00fchrliche Stellungnahme zu diesem Gutachten erarbeitet und ans KM \u00fcbermittelt.<br \/><a href=\"https:\/\/www.dvpb-bayern.de\/wp-content\/uploads\/2026\/02\/Stellungnahme_Gutachten-Lehrkraeftebildung_LV-Bayern-DVPB_FINAL.pdf\" target=\"_blank\" rel=\"noopener\">Unsere Stellungnahme<\/a><\/div><div>\u00a0<\/div><div>Es freut uns sehr, dass Frau Staatsministerin Stolz positiv auf die Stellungnahme der DVPB reagiert hat und in Aussicht gestellt hat, wesentliche Punkte zu ber\u00fccksichtigen.<\/div><div><a href=\"https:\/\/www.dvpb-bayern.de\/wp-content\/uploads\/2026\/03\/Antwortschreiben-Bayerisches-Staatsministerium-fuer-Wissenschaft-und-Kunst_DVPB-Stellungnahme-zum-Gutachten.Lehrkraeftebildung.pdf\" target=\"_blank\" rel=\"noopener\">Antwort des KM<\/a><\/div><p>[\/et_pb_text][\/et_pb_column][\/et_pb_row][\/et_pb_section]<\/p>","_et_gb_content_width":"","footnotes":""},"categories":[52],"tags":[125,112,97,111,74],"class_list":["post-1792","post","type-post","status-publish","format-standard","has-post-thumbnail","hentry","category-aktuelles","tag-geschwister-scholl-preis","tag-gesellschaft","tag-landtag","tag-politik","tag-schule"],"_links":{"self":[{"href":"https:\/\/www.dvpb-bayern.de\/index.php\/wp-json\/wp\/v2\/posts\/1792","targetHints":{"allow":["GET"]}}],"collection":[{"href":"https:\/\/www.dvpb-bayern.de\/index.php\/wp-json\/wp\/v2\/posts"}],"about":[{"href":"https:\/\/www.dvpb-bayern.de\/index.php\/wp-json\/wp\/v2\/types\/post"}],"author":[{"embeddable":true,"href":"https:\/\/www.dvpb-bayern.de\/index.php\/wp-json\/wp\/v2\/users\/1"}],"replies":[{"embeddable":true,"href":"https:\/\/www.dvpb-bayern.de\/index.php\/wp-json\/wp\/v2\/comments?post=1792"}],"version-history":[{"count":5,"href":"https:\/\/www.dvpb-bayern.de\/index.php\/wp-json\/wp\/v2\/posts\/1792\/revisions"}],"predecessor-version":[{"id":1801,"href":"https:\/\/www.dvpb-bayern.de\/index.php\/wp-json\/wp\/v2\/posts\/1792\/revisions\/1801"}],"wp:featuredmedia":[{"embeddable":true,"href":"https:\/\/www.dvpb-bayern.de\/index.php\/wp-json\/wp\/v2\/media\/1793"}],"wp:attachment":[{"href":"https:\/\/www.dvpb-bayern.de\/index.php\/wp-json\/wp\/v2\/media?parent=1792"}],"wp:term":[{"taxonomy":"category","embeddable":true,"href":"https:\/\/www.dvpb-bayern.de\/index.php\/wp-json\/wp\/v2\/categories?post=1792"},{"taxonomy":"post_tag","embeddable":true,"href":"https:\/\/www.dvpb-bayern.de\/index.php\/wp-json\/wp\/v2\/tags?post=1792"}],"curies":[{"name":"wp","href":"https:\/\/api.w.org\/{rel}","templated":true}]}}