{"id":723,"date":"2023-02-22T12:10:45","date_gmt":"2023-02-22T12:10:45","guid":{"rendered":"https:\/\/www.dvpb-bayern.de\/?p=723"},"modified":"2025-04-02T13:06:23","modified_gmt":"2025-04-02T13:06:23","slug":"ausschreibung-dvpb-abiturpreis-des-landesverbandes-bayern-2023","status":"publish","type":"post","link":"https:\/\/www.dvpb-bayern.de\/index.php\/2023\/02\/22\/ausschreibung-dvpb-abiturpreis-des-landesverbandes-bayern-2023\/","title":{"rendered":"Ausschreibung DVPB Abiturpreis des Landesverbandes Bayern 2023"},"content":{"rendered":"<h3><em><strong>Ausschreibung Abiturpreis 2023<\/strong><\/em><\/h3>\n<div style=\"text-align: left;\" aria-hidden=\"true\"><\/div>\n<div>\n<p>Auch in diesem Jahr wird Landtagspr\u00e4sidentin Ilse Aigner die Schirmherrschaft \u00fcber den <strong>&#8222;Abiturpreis Politik und Gesellschaft&#8220;<\/strong> \u00fcbernehmen. Die aktuelle Ausschreibung findet sich hier auf unserer Website. Unten anh\u00e4ngend befinden sich die Formbl\u00e4tter zur Einreichung einer Arbeit<em>.<\/em><\/p>\n<div><\/div>\n<div><\/div>\n<p>Voraussetzung der Teilnahme ist die digitale \u00dcbersendung der W-Seminararbeit und des ausgef\u00fcllten Formulars <em>(siehe unten) <\/em>an abiturpreis@<span class=\"markuisowq0vp\" data-markjs=\"true\" data-ogac=\"\" data-ogab=\"\" data-ogsc=\"\" data-ogsb=\"\">dvpb<\/span>&#8211;<span class=\"mark1xv4cl30k\" data-markjs=\"true\" data-ogac=\"\" data-ogab=\"\" data-ogsc=\"\" data-ogsb=\"\">bayer<\/span>n.de <strong>bis 24.3.2023<\/strong>. Zus\u00e4tzlich <strong>muss <\/strong>bis zu diesem Termin (Datum des Poststempels) das Formular per Briefpost an den Vorsitzenden der <span class=\"markuisowq0vp\" data-markjs=\"true\" data-ogac=\"\" data-ogab=\"\" data-ogsc=\"\" data-ogsb=\"\">DVPB<\/span> e.V., LV <span class=\"mark1xv4cl30k\" data-markjs=\"true\" data-ogac=\"\" data-ogab=\"\" data-ogsc=\"\" data-ogsb=\"\">Bayer<\/span>n, Prof. Stefan Rappengl\u00fcck (Selma-Lagerl\u00f6f-Str. 112, 81829 M\u00fcnchen) geschickt werden.<\/p>\n<div><\/div>\n<div><\/div>\n<div>Die Ausschreibung wird auch \u00fcber ein an alle Schuleitungen der Gymnasien in <span class=\"mark1xv4cl30k\" data-markjs=\"true\" data-ogac=\"\" data-ogab=\"\" data-ogsc=\"\" data-ogsb=\"\">Bayer<\/span>n gerichtetes KMS verteilt. D. h. die Schulleiterin\/der Schulleiter, die\/der auf dem Formular unterschreiben muss, sollte durch das Ministerium direkt informiert sein. Vor Einreichung einer Arbeit sollte eine Absprache mit der Kursleiterin\/dem Kursleiter erfolgen, damit Arbeiten, die keine Aussicht auf Erfolg haben, nicht eingereicht werden.<\/div>\n<div><\/div>\n<div><\/div>\n<div>Die Preisverleihung, bei der auch Kultusminister Michael Piazolo sprechen wird, wird voraussichtlich am 4. oder 5. Juli in M\u00fcnchen stattfinden.<\/div>\n<div>_<\/div>\n<div><\/div>\n<p><a href=\"https:\/\/www.dvpb-bayern.de\/wp-content\/uploads\/2023\/02\/KMS2022Ausschreibung-Abiturpreis-DVPB_a2.pdf\">KMS2022Ausschreibung Abiturpreis DVPB_a(2)<\/a><\/p>\n<p><a href=\"https:\/\/www.dvpb-bayern.de\/wp-content\/uploads\/2023\/02\/AusschreibungAnlage-2_Formblatt-fuer-die-Einreichung-einer-Arbeit_2023.pdf\">AusschreibungAnlage 2_Formblatt fuer die Einreichung einer Arbeit_2023<\/a><\/p>\n<p><a href=\"https:\/\/www.dvpb-bayern.de\/wp-content\/uploads\/2023\/02\/Ausschreibung-des-Abiturpreises-der-DVPB-Bayern2023.pdf\">Ausschreibung des Abiturpreises der DVPB Bayern2023<\/a><\/p>\n<p>&nbsp;<\/p>\n<div id=\"attachment_666\" style=\"width: 310px\" class=\"wp-caption aligncenter\"><img loading=\"lazy\" decoding=\"async\" aria-describedby=\"caption-attachment-666\" class=\"size-medium wp-image-666\" src=\"https:\/\/www.dvpb-bayern.de\/wp-content\/uploads\/2022\/09\/PRP_0568-300x200.jpg\" alt=\"\" width=\"300\" height=\"200\" \/><p id=\"caption-attachment-666\" class=\"wp-caption-text\">Drei Preistr\u00e4gerinnen des Abiturpreises 2022 (Foto: Bildarchiv Bayerischer Landtag \/ Rolf Poss)<\/p><\/div>\n<\/div>\n","protected":false},"excerpt":{"rendered":"<p>Ausschreibung Abiturpreis 2023 Auch in diesem Jahr wird Landtagspr\u00e4sidentin Ilse Aigner die Schirmherrschaft \u00fcber den &#8222;Abiturpreis Politik und Gesellschaft&#8220; \u00fcbernehmen. Die aktuelle Ausschreibung findet sich hier auf unserer Website. Unten anh\u00e4ngend befinden sich die Formbl\u00e4tter zur Einreichung einer Arbeit. Voraussetzung der Teilnahme ist die digitale \u00dcbersendung der W-Seminararbeit und des ausgef\u00fcllten Formulars (siehe unten) an [&hellip;]<\/p>\n","protected":false},"author":3,"featured_media":400,"comment_status":"closed","ping_status":"closed","sticky":false,"template":"","format":"standard","meta":{"_et_pb_use_builder":"on","_et_pb_old_content":"<h3><em><strong>Ausschreibung Abiturpreis 2023<\/strong><\/em><\/h3>\r\n<div style=\"text-align: left;\" aria-hidden=\"true\"><\/div>\r\n<div>\r\n\r\nAuch in diesem Jahr wird Landtagspr\u00e4sidentin Ilse Aigner die Schirmherrschaft \u00fcber den <strong>\"Abiturpreis Politik und Gesellschaft\"<\/strong> \u00fcbernehmen. Die aktuelle Ausschreibung findet sich hier auf unserer Website. Unten anh\u00e4ngend befinden sich die Formbl\u00e4tter zur Einreichung einer Arbeit<em>.<\/em>\r\n<div><\/div>\r\n<div><\/div>\r\nVoraussetzung der Teilnahme ist die digitale \u00dcbersendung der W-Seminararbeit und des ausgef\u00fcllten Formulars <em>(siehe unten) <\/em>an abiturpreis@<span class=\"markuisowq0vp\" data-markjs=\"true\" data-ogac=\"\" data-ogab=\"\" data-ogsc=\"\" data-ogsb=\"\">dvpb<\/span>-<span class=\"mark1xv4cl30k\" data-markjs=\"true\" data-ogac=\"\" data-ogab=\"\" data-ogsc=\"\" data-ogsb=\"\">bayer<\/span>n.de <strong>bis 24.3.2023<\/strong>. Zus\u00e4tzlich <strong>muss <\/strong>bis zu diesem Termin (Datum des Poststempels) das Formular per Briefpost an den Vorsitzenden der <span class=\"markuisowq0vp\" data-markjs=\"true\" data-ogac=\"\" data-ogab=\"\" data-ogsc=\"\" data-ogsb=\"\">DVPB<\/span> e.V., LV <span class=\"mark1xv4cl30k\" data-markjs=\"true\" data-ogac=\"\" data-ogab=\"\" data-ogsc=\"\" data-ogsb=\"\">Bayer<\/span>n, Prof. Stefan Rappengl\u00fcck (Selma-Lagerl\u00f6f-Str. 112, 81829 M\u00fcnchen) geschickt werden.\r\n<div><\/div>\r\n<div><\/div>\r\n<div>Die Ausschreibung wird auch \u00fcber ein an alle Schuleitungen der Gymnasien in <span class=\"mark1xv4cl30k\" data-markjs=\"true\" data-ogac=\"\" data-ogab=\"\" data-ogsc=\"\" data-ogsb=\"\">Bayer<\/span>n gerichtetes KMS verteilt. D. h. die Schulleiterin\/der Schulleiter, die\/der auf dem Formular unterschreiben muss, sollte durch das Ministerium direkt informiert sein. Vor Einreichung einer Arbeit sollte eine Absprache mit der Kursleiterin\/dem Kursleiter erfolgen, damit Arbeiten, die keine Aussicht auf Erfolg haben, nicht eingereicht werden.<\/div>\r\n<div><\/div>\r\n<div><\/div>\r\n<div>Die Preisverleihung, bei der auch Kultusminister Michael Piazolo sprechen wird, wird voraussichtlich am 4. oder 5. Juli in M\u00fcnchen stattfinden.<\/div>\r\n<div>_<\/div>\r\n<div><\/div>\r\n<a href=\"https:\/\/www.dvpb-bayern.de\/wp-content\/uploads\/2023\/02\/KMS2022Ausschreibung-Abiturpreis-DVPB_a2.pdf\">KMS2022Ausschreibung Abiturpreis DVPB_a(2)<\/a>\r\n\r\n<a href=\"https:\/\/www.dvpb-bayern.de\/wp-content\/uploads\/2023\/02\/AusschreibungAnlage-2_Formblatt-fuer-die-Einreichung-einer-Arbeit_2023.pdf\">AusschreibungAnlage 2_Formblatt fuer die Einreichung einer Arbeit_2023<\/a>\r\n\r\n<a href=\"https:\/\/www.dvpb-bayern.de\/wp-content\/uploads\/2023\/02\/Ausschreibung-des-Abiturpreises-der-DVPB-Bayern2023.pdf\">Ausschreibung des Abiturpreises der DVPB Bayern2023<\/a>\r\n\r\n&nbsp;\r\n\r\n[caption id=\"attachment_666\" align=\"aligncenter\" width=\"300\"]<img class=\"size-medium wp-image-666\" src=\"https:\/\/www.dvpb-bayern.de\/wp-content\/uploads\/2022\/09\/PRP_0568-300x200.jpg\" alt=\"\" width=\"300\" height=\"200\" \/> Drei Preistr\u00e4gerinnen des Abiturpreises 2022 (Foto: Bildarchiv Bayerischer Landtag \/ Rolf Poss)[\/caption]\r\n\r\n<\/div>","_et_gb_content_width":"","footnotes":""},"categories":[123],"tags":[86],"class_list":["post-723","post","type-post","status-publish","format-standard","has-post-thumbnail","hentry","category-archiv-aktuelles","tag-dvpb-abiturpreis-w-seminar"],"_links":{"self":[{"href":"https:\/\/www.dvpb-bayern.de\/index.php\/wp-json\/wp\/v2\/posts\/723","targetHints":{"allow":["GET"]}}],"collection":[{"href":"https:\/\/www.dvpb-bayern.de\/index.php\/wp-json\/wp\/v2\/posts"}],"about":[{"href":"https:\/\/www.dvpb-bayern.de\/index.php\/wp-json\/wp\/v2\/types\/post"}],"author":[{"embeddable":true,"href":"https:\/\/www.dvpb-bayern.de\/index.php\/wp-json\/wp\/v2\/users\/3"}],"replies":[{"embeddable":true,"href":"https:\/\/www.dvpb-bayern.de\/index.php\/wp-json\/wp\/v2\/comments?post=723"}],"version-history":[{"count":15,"href":"https:\/\/www.dvpb-bayern.de\/index.php\/wp-json\/wp\/v2\/posts\/723\/revisions"}],"predecessor-version":[{"id":1127,"href":"https:\/\/www.dvpb-bayern.de\/index.php\/wp-json\/wp\/v2\/posts\/723\/revisions\/1127"}],"wp:featuredmedia":[{"embeddable":true,"href":"https:\/\/www.dvpb-bayern.de\/index.php\/wp-json\/wp\/v2\/media\/400"}],"wp:attachment":[{"href":"https:\/\/www.dvpb-bayern.de\/index.php\/wp-json\/wp\/v2\/media?parent=723"}],"wp:term":[{"taxonomy":"category","embeddable":true,"href":"https:\/\/www.dvpb-bayern.de\/index.php\/wp-json\/wp\/v2\/categories?post=723"},{"taxonomy":"post_tag","embeddable":true,"href":"https:\/\/www.dvpb-bayern.de\/index.php\/wp-json\/wp\/v2\/tags?post=723"}],"curies":[{"name":"wp","href":"https:\/\/api.w.org\/{rel}","templated":true}]}}