{"id":849,"date":"2024-01-22T20:39:28","date_gmt":"2024-01-22T20:39:28","guid":{"rendered":"https:\/\/www.dvpb-bayern.de\/?p=849"},"modified":"2025-04-02T12:56:53","modified_gmt":"2025-04-02T12:56:53","slug":"neu-fpu-1-23-forum-politikunterricht-digital-schwerpunktthema-energie-und-mobilitaetswende-2","status":"publish","type":"post","link":"https:\/\/www.dvpb-bayern.de\/index.php\/2024\/01\/22\/neu-fpu-1-23-forum-politikunterricht-digital-schwerpunktthema-energie-und-mobilitaetswende-2\/","title":{"rendered":"In Memoriam Hannes Macher &#8211; die Forum Politikunterricht 2\/2023"},"content":{"rendered":"<p>Mit der Ausgabe 2\/2023 der FPU w\u00fcrdigen wir Hannes S. Macher, der diese Zeitschrift 1987 mitbegr\u00fcndet und bis 2015 als Herausgeber gepr\u00e4gt hat. Au\u00dferdem wird unsere Jahrestagung 2023 \u201eVor der Zerrei\u00dfprobe? Unsere Gesellschaft in der Zeitenwende&#8220; ausf\u00fchrlich dokumentiert.<\/p>\n<p><a href=\"https:\/\/www.dvpb-bayern.de\/wp-content\/uploads\/2024\/01\/fpu-2-23-web.pdf\" target=\"_blank\" rel=\"noopener\"><strong>Hier finden Sie die Ausgabe 2\/2023 der Forum Politikunterricht als PDF-Download.<\/strong><\/a><\/p>\n<p>Armin Scherb beschreibt in seiner Laudatio, was der Landesverband Bayern der DVPB Hannes S. Macher zu verdanken hat. Sabine Kehr und Frank Schiefer zeigen, wie eng die Geschichte \u201eseiner\u201c Zeitschrift \u201eForum Politikunterricht\u201c mit der Entwicklung der Politischen Bildung in Bayern und Deutschland verbunden ist. Abgerundet wird die W\u00fcrdigung durch einige Impressionen aus dem Lebensweg von Hannes S. Macher.<\/p>\n<p><img loading=\"lazy\" decoding=\"async\" class=\"size-medium wp-image-853 alignright\" src=\"https:\/\/www.dvpb-bayern.de\/wp-content\/uploads\/2024\/01\/fpu-frontpage-213x300.jpg\" alt=\"\" width=\"213\" height=\"300\" \/><\/p>\n<p>Der \u00fcberwiegende Teil der aktuellen FPU widmet sich der DVPB-Jahrestagung &#8211; schlie\u00dflich scheint es, als m\u00fcsste sich unsere Gesellschaft einer Zerrei\u00dfprobe nach der anderen stellen. Allerdings: Kontroverse Diskussionen und offener Streit geh\u00f6ren zu einer freien und demokratischen Gesellschaft. Die Frage ist nur, wie der grundlegende Konsens, der die Gesellschaft \u201ezusammenhalten\u201c und vor dem \u201eZerrei\u00dfen\u201c bewahren soll, aussehen muss und ob ein solcher Konsens gef\u00e4hrdet ist. In der Dokumentation der Jahrestagung erfahren die Lesenden, wie Ursula M\u00fcnch und Nico Mokros aus politikwissenschaftlicher und soziologischer Sicht gesellschaftliche Spaltungen wahrnehmen. Anschlie\u00dfend werden Konfliktfelder beschrieben wie das Zusammenwachsen von Ost und West, Deutschland als Migrationsgesellschaft und Verst\u00e4ndigungsprobleme im medialen Diskurs. Zuletzt zeigte die DVPB-Jahrestagung anhand von Best-Practise-Projekten f\u00fcr gesellschaftlichen Dialog und Zusammenhalt, wie \u201eSpaltungen\u201c \u00fcberwunden werden k\u00f6nnen.<\/p>\n<p><a href=\"https:\/\/www.dvpb-bayern.de\/wp-content\/uploads\/2024\/01\/fpu-2-23-web.pdf\" target=\"_blank\" rel=\"noopener\"><strong>Hier finden Sie die Ausgabe 2\/2023 der Forum Politikunterricht als PDF-Download.<\/strong><\/a><\/p>\n","protected":false},"excerpt":{"rendered":"<p>Mit der Ausgabe 2\/2023 der FPU w\u00fcrdigen wir Hannes S. Macher, der diese Zeitschrift 1987 mitbegr\u00fcndet und bis 2015 als Herausgeber gepr\u00e4gt hat. Au\u00dferdem wird unsere Jahrestagung 2023 \u201eVor der Zerrei\u00dfprobe? Unsere Gesellschaft in der Zeitenwende&#8220; ausf\u00fchrlich dokumentiert.<\/p>\n","protected":false},"author":3,"featured_media":853,"comment_status":"closed","ping_status":"closed","sticky":false,"template":"","format":"standard","meta":{"_et_pb_use_builder":"on","_et_pb_old_content":"<p>Mit der Ausgabe 2\/2023 der FPU w\u00fcrdigen wir Hannes S. Macher, der diese Zeitschrift 1987 mitbegr\u00fcndet und bis 2015 als Herausgeber gepr\u00e4gt hat. Au\u00dferdem wird unsere Jahrestagung 2023 \u201eVor der Zerrei\u00dfprobe? Unsere Gesellschaft in der Zeitenwende\" ausf\u00fchrlich dokumentiert.<\/p><p><a href=\"https:\/\/www.dvpb-bayern.de\/wp-content\/uploads\/2024\/01\/fpu-2-23-web.pdf\" target=\"_blank\" rel=\"noopener\"><strong>Hier finden Sie die Ausgabe 2\/2023 der Forum Politikunterricht als PDF-Download.<\/strong><\/a><\/p><p>Armin Scherb beschreibt in seiner Laudatio, was der Landesverband Bayern der DVPB Hannes S. Macher zu verdanken hat. Sabine Kehr und Frank Schiefer zeigen, wie eng die Geschichte \u201eseiner\u201c Zeitschrift \u201eForum Politikunterricht\u201c mit der Entwicklung der Politischen Bildung in Bayern und Deutschland verbunden ist. Abgerundet wird die W\u00fcrdigung durch einige Impressionen aus dem Lebensweg von Hannes S. Macher.<\/p><p><img class=\"size-medium wp-image-853 alignright\" src=\"https:\/\/www.dvpb-bayern.de\/wp-content\/uploads\/2024\/01\/fpu-frontpage-213x300.jpg\" alt=\"\" width=\"213\" height=\"300\" \/><\/p><p>Der \u00fcberwiegende Teil der aktuellen FPU widmet sich der DVPB-Jahrestagung - schlie\u00dflich scheint es, als m\u00fcsste sich unsere Gesellschaft einer Zerrei\u00dfprobe nach der anderen stellen. Allerdings: Kontroverse Diskussionen und offener Streit geh\u00f6ren zu einer freien und demokratischen Gesellschaft. Die Frage ist nur, wie der grundlegende Konsens, der die Gesellschaft \u201ezusammenhalten\u201c und vor dem \u201eZerrei\u00dfen\u201c bewahren soll, aussehen muss und ob ein solcher Konsens gef\u00e4hrdet ist. In der Dokumentation der Jahrestagung erfahren die Lesenden, wie Ursula M\u00fcnch und Nico Mokros aus politikwissenschaftlicher und soziologischer Sicht gesellschaftliche Spaltungen wahrnehmen. Anschlie\u00dfend werden Konfliktfelder beschrieben wie das Zusammenwachsen von Ost und West, Deutschland als Migrationsgesellschaft und Verst\u00e4ndigungsprobleme im medialen Diskurs. Zuletzt zeigte die DVPB-Jahrestagung anhand von Best-Practise-Projekten f\u00fcr gesellschaftlichen Dialog und Zusammenhalt, wie \u201eSpaltungen\u201c \u00fcberwunden werden k\u00f6nnen.<\/p><p><a href=\"https:\/\/www.dvpb-bayern.de\/wp-content\/uploads\/2024\/01\/fpu-2-23-web.pdf\" target=\"_blank\" rel=\"noopener\"><strong>Hier finden Sie die Ausgabe 2\/2023 der Forum Politikunterricht als PDF-Download.<\/strong><\/a><\/p>","_et_gb_content_width":"","footnotes":""},"categories":[52,119],"tags":[102,99,98,101,61,87,109],"class_list":["post-849","post","type-post","status-publish","format-standard","has-post-thumbnail","hentry","category-aktuelles","category-fpu","tag-download","tag-forum-politikunterricht","tag-fpu","tag-fpu-digital","tag-jahrestagung","tag-nachruf","tag-zeitschrift"],"_links":{"self":[{"href":"https:\/\/www.dvpb-bayern.de\/index.php\/wp-json\/wp\/v2\/posts\/849","targetHints":{"allow":["GET"]}}],"collection":[{"href":"https:\/\/www.dvpb-bayern.de\/index.php\/wp-json\/wp\/v2\/posts"}],"about":[{"href":"https:\/\/www.dvpb-bayern.de\/index.php\/wp-json\/wp\/v2\/types\/post"}],"author":[{"embeddable":true,"href":"https:\/\/www.dvpb-bayern.de\/index.php\/wp-json\/wp\/v2\/users\/3"}],"replies":[{"embeddable":true,"href":"https:\/\/www.dvpb-bayern.de\/index.php\/wp-json\/wp\/v2\/comments?post=849"}],"version-history":[{"count":7,"href":"https:\/\/www.dvpb-bayern.de\/index.php\/wp-json\/wp\/v2\/posts\/849\/revisions"}],"predecessor-version":[{"id":1121,"href":"https:\/\/www.dvpb-bayern.de\/index.php\/wp-json\/wp\/v2\/posts\/849\/revisions\/1121"}],"wp:featuredmedia":[{"embeddable":true,"href":"https:\/\/www.dvpb-bayern.de\/index.php\/wp-json\/wp\/v2\/media\/853"}],"wp:attachment":[{"href":"https:\/\/www.dvpb-bayern.de\/index.php\/wp-json\/wp\/v2\/media?parent=849"}],"wp:term":[{"taxonomy":"category","embeddable":true,"href":"https:\/\/www.dvpb-bayern.de\/index.php\/wp-json\/wp\/v2\/categories?post=849"},{"taxonomy":"post_tag","embeddable":true,"href":"https:\/\/www.dvpb-bayern.de\/index.php\/wp-json\/wp\/v2\/tags?post=849"}],"curies":[{"name":"wp","href":"https:\/\/api.w.org\/{rel}","templated":true}]}}